{"id":68655,"date":"2025-02-04T21:07:11","date_gmt":"2025-02-05T00:07:11","guid":{"rendered":"https:\/\/www.portalalerta.com.br\/?p=68655"},"modified":"2025-02-04T21:07:13","modified_gmt":"2025-02-05T00:07:13","slug":"corpo-de-homem-e-encontrado-com-marca-de-tiro-na-testa-em-zona-rural-de-araci","status":"publish","type":"post","link":"https:\/\/www.portalalerta.com.br\/index.php\/2025\/02\/04\/corpo-de-homem-e-encontrado-com-marca-de-tiro-na-testa-em-zona-rural-de-araci\/","title":{"rendered":"Corpo de homem \u00e9 encontrado com marca de tiro na testa em zona rural de Araci"},"content":{"rendered":"\n<p>Crime ocorreu na tarde da \u00faltima segunda-feira.<\/p>\n\n\n\n<!--more-->\n\n\n\n<p>Um homem identificado como Adelmo Pereira Santos, de 41 anos, foi encontrado morto na tarde de segunda-feira, 3, na Fazenda Dion\u00edsio, localizada a cerca de sete quil\u00f4metros do povoado Pedra Alta, na zona rural de Araci.<\/p>\n\n\n<div class=\"wp-block-image\">\n<figure class=\"alignleft size-large is-resized\"><img fetchpriority=\"high\" decoding=\"async\" src=\"https:\/\/www.portalalerta.com.br\/wp-content\/uploads\/2024\/12\/Sabino-Carrinho-de-mao-1024x1024.jpeg\" alt=\"\" class=\"wp-image-65525\" width=\"404\" height=\"404\" srcset=\"https:\/\/www.portalalerta.com.br\/wp-content\/uploads\/2024\/12\/Sabino-Carrinho-de-mao-1024x1024.jpeg 1024w, https:\/\/www.portalalerta.com.br\/wp-content\/uploads\/2024\/12\/Sabino-Carrinho-de-mao-240x240.jpeg 240w, https:\/\/www.portalalerta.com.br\/wp-content\/uploads\/2024\/12\/Sabino-Carrinho-de-mao-768x768.jpeg 768w, https:\/\/www.portalalerta.com.br\/wp-content\/uploads\/2024\/12\/Sabino-Carrinho-de-mao.jpeg 1080w\" sizes=\"(max-width: 404px) 100vw, 404px\" \/><\/figure><\/div>\n\n\n<p>De acordo com informa\u00e7\u00f5es da Pol\u00edcia Militar, uma guarni\u00e7\u00e3o do Pelot\u00e3o de Pedra Alta foi acionada pelo CICOM para verificar a den\u00fancia de um cad\u00e1ver dentro de uma resid\u00eancia. Ao chegar ao local, os agentes encontraram a v\u00edtima deitada na cama, com uma perfura\u00e7\u00e3o na testa. A porta da casa estava aberta, sem sinais de arrombamento.<\/p>\n\n\n\n<p>Segundo relatos de familiares, Adelmo tinha antecedentes criminais, incluindo um homic\u00eddio e uma tentativa de homic\u00eddio, al\u00e9m de envolvimento com drogas. O local onde ocorreu o crime \u00e9 isolado e sem vizinhos por perto, o que dificulta a obten\u00e7\u00e3o de testemunhas.<\/p>\n\n\n\n<p>A pol\u00edcia investiga as circunst\u00e2ncias do assassinato e busca informa\u00e7\u00f5es que possam levar \u00e0 identifica\u00e7\u00e3o do autor do crime.<\/p>\n\n\n\n<p><em>Fonte: info Serrinha e regi\u00e3o<\/em><\/p>\n","protected":false},"excerpt":{"rendered":"<p>Crime ocorreu na tarde da \u00faltima segunda-feira.<\/p>\n","protected":false},"author":2,"featured_media":13354,"comment_status":"open","ping_status":"open","sticky":false,"template":"","format":"standard","meta":{"om_disable_all_campaigns":false,"_monsterinsights_skip_tracking":false,"_monsterinsights_sitenote_active":false,"_monsterinsights_sitenote_note":"","_monsterinsights_sitenote_category":0,"footnotes":""},"categories":[41,70,69,32,22],"tags":[100,71,48,75,4178,4180,128,129,107,4181,206,132,230,169,106,203,120,51,109,88,47,111,190],"class_list":["post-68655","post","type-post","status-publish","format-standard","has-post-thumbnail","hentry","category-araci","category-destaques","category-noticias2","category-regiao","category-seguranca","tag-adustina","tag-antas","tag-araci","tag-cicero-dantas","tag-cipo-2","tag-crisopolis-2","tag-disparo-de-arma-de-fogo","tag-euclides-da-cunha","tag-fatima","tag-heliopolis-2","tag-homicidio","tag-itapicuru","tag-jeremoabo","tag-morte","tag-nova-soure","tag-novo-triunfo","tag-olindina","tag-paripiranga","tag-quijingue","tag-ribeira-do-amparo","tag-ribeira-do-pombal","tag-sitio-do-quinto","tag-tucano"],"aioseo_notices":[],"_links":{"self":[{"href":"https:\/\/www.portalalerta.com.br\/index.php\/wp-json\/wp\/v2\/posts\/68655","targetHints":{"allow":["GET"]}}],"collection":[{"href":"https:\/\/www.portalalerta.com.br\/index.php\/wp-json\/wp\/v2\/posts"}],"about":[{"href":"https:\/\/www.portalalerta.com.br\/index.php\/wp-json\/wp\/v2\/types\/post"}],"author":[{"embeddable":true,"href":"https:\/\/www.portalalerta.com.br\/index.php\/wp-json\/wp\/v2\/users\/2"}],"replies":[{"embeddable":true,"href":"https:\/\/www.portalalerta.com.br\/index.php\/wp-json\/wp\/v2\/comments?post=68655"}],"version-history":[{"count":1,"href":"https:\/\/www.portalalerta.com.br\/index.php\/wp-json\/wp\/v2\/posts\/68655\/revisions"}],"predecessor-version":[{"id":68656,"href":"https:\/\/www.portalalerta.com.br\/index.php\/wp-json\/wp\/v2\/posts\/68655\/revisions\/68656"}],"wp:featuredmedia":[{"embeddable":true,"href":"https:\/\/www.portalalerta.com.br\/index.php\/wp-json\/wp\/v2\/media\/13354"}],"wp:attachment":[{"href":"https:\/\/www.portalalerta.com.br\/index.php\/wp-json\/wp\/v2\/media?parent=68655"}],"wp:term":[{"taxonomy":"category","embeddable":true,"href":"https:\/\/www.portalalerta.com.br\/index.php\/wp-json\/wp\/v2\/categories?post=68655"},{"taxonomy":"post_tag","embeddable":true,"href":"https:\/\/www.portalalerta.com.br\/index.php\/wp-json\/wp\/v2\/tags?post=68655"}],"curies":[{"name":"wp","href":"https:\/\/api.w.org\/{rel}","templated":true}]}}