{"id":68657,"date":"2025-02-04T21:10:25","date_gmt":"2025-02-05T00:10:25","guid":{"rendered":"https:\/\/www.portalalerta.com.br\/?p=68657"},"modified":"2025-02-04T21:10:26","modified_gmt":"2025-02-05T00:10:26","slug":"para-salvar-irma-deputado-tira-assinatura-do-impeachment-de-lula","status":"publish","type":"post","link":"https:\/\/www.portalalerta.com.br\/index.php\/2025\/02\/04\/para-salvar-irma-deputado-tira-assinatura-do-impeachment-de-lula\/","title":{"rendered":"Para \u201csalvar\u201d irm\u00e3, deputado tira assinatura do impeachment de Lula"},"content":{"rendered":"\n<p>Deputado assinou pedido de impeachment de Lula, mas sofreu press\u00e3o do Planalto ap\u00f3s ter a irm\u00e3 nomeada para cargo na Embratur<\/p>\n\n\n\n<!--more-->\n\n\n\n<p>O deputado federal Eduardo Velloso Viana (Uni\u00e3o-AC) retirou sua assinatura do pedido de impeachment do&nbsp;<a href=\"https:\/\/www.metropoles.com\/tag\/lula\">presidente Lula<\/a>, ap\u00f3s press\u00e3o do Planalto. O parlamentar conseguiu emplacar em maio do ano passado a irm\u00e3 na Ag\u00eancia Brasileira de Promo\u00e7\u00e3o Internacional do Turismo (Embratur).<\/p>\n\n\n\n<p>Luciana Borges de Velloso Viana \u00e9 contratada com cargo de confian\u00e7a na&nbsp;<a href=\"https:\/\/embratur.com.br\/\">Embratur<\/a>. Ela trabalha na diretoria de gest\u00e3o e inova\u00e7\u00e3o, especificamente na ger\u00eancia de capta\u00e7\u00e3o de novos neg\u00f3cios.<\/p>\n\n\n\n<p>Ela faz parte do seleto grupo de 23 empregados que possuem cargo de confian\u00e7a de assessor de ger\u00eancia, com remunera\u00e7\u00e3o de R$ 18.938,63. A Embratur conta com um corpo t\u00e9cnico de 224 pessoas.<\/p>\n\n\n\n<p>Mesmo assim, Eduardo Velloso decidiu assinar o&nbsp;<a href=\"https:\/\/www.metropoles.com\/colunas\/paulo-cappelli\/deputados-de-5-partidos-da-base-de-lula-assinam-pedido-de-impeachment\">pedido de impeachment de Lula<\/a>, apresentado pelo bolsonarista Rodolfo Nogueira (PL-MS). A oposi\u00e7\u00e3o denuncia uma suposta \u201cpedalada fiscal\u201d do presidente no programa P\u00e9-de-Meia, e por isso<\/p>\n\n\n\n<p>O pedido de impeachment conta com a assinatura de 130 parlamentares. O requerimento para abertura de processo de impedimento precisa ser analisado pelo presidente da C\u00e2mara e, depois, aprovado por 342 deputados.<\/p>\n\n\n\n<p>Embratur comenta indica\u00e7\u00e3o do deputado<\/p>\n\n\n\n<p>Veja a nota do \u00f3rg\u00e3o, na \u00edntegra:<\/p>\n\n\n\n<p>Luciana Velloso mora em Bras\u00edlia e cumpre sua jornada di\u00e1ria de trabalho na sede do Minist\u00e9rio do Turismo (MTUR), uma vez ela est\u00e1 vinculada \u00e0 execu\u00e7\u00e3o de Acordo de Coopera\u00e7\u00e3o T\u00e9cnica (ACT) com o MTUR, que tem como objetivo garantir a estrutura log\u00edstica e de recursos humanos para a realiza\u00e7\u00e3o de uma s\u00e9rie de eventos, como COP30, Sal\u00e3o Nacional do Turismo e Feir\u00e3o do Turismo.<\/p>\n\n\n\n<p>Sua contrata\u00e7\u00e3o foi uma solicita\u00e7\u00e3o do ministro Celso Sabino, acatada por esta Ag\u00eancia porque possu\u00eda os requisitos profissionais para a vaga. Suas atividades est\u00e3o registradas em relat\u00f3rios peri\u00f3dicos e s\u00e3o adequadas para o cargo que exerce.<\/p>\n\n\n\n<p><em>Fonte: Metropoles<\/em><\/p>\n","protected":false},"excerpt":{"rendered":"<p>Deputado assinou pedido de impeachment de Lula, mas sofreu press\u00e3o do Planalto ap\u00f3s ter a irm\u00e3 nomeada para cargo na Embratur<\/p>\n","protected":false},"author":2,"featured_media":68651,"comment_status":"open","ping_status":"open","sticky":false,"template":"","format":"standard","meta":{"om_disable_all_campaigns":false,"_monsterinsights_skip_tracking":false,"_monsterinsights_sitenote_active":false,"_monsterinsights_sitenote_note":"","_monsterinsights_sitenote_category":0,"footnotes":""},"categories":[34,70,69,21],"tags":[100,71,48,75,4178,4180,7764,6364,129,107,4181,988,132,230,7765,303,106,203,120,51,109,88,47,111,190],"class_list":["post-68657","post","type-post","status-publish","format-standard","has-post-thumbnail","hentry","category-brasil","category-destaques","category-noticias2","category-politica","tag-adustina","tag-antas","tag-araci","tag-cicero-dantas","tag-cipo-2","tag-crisopolis-2","tag-eduardo-velozo","tag-embratur","tag-euclides-da-cunha","tag-fatima","tag-heliopolis-2","tag-impeachment","tag-itapicuru","tag-jeremoabo","tag-luciana-velozo","tag-lula","tag-nova-soure","tag-novo-triunfo","tag-olindina","tag-paripiranga","tag-quijingue","tag-ribeira-do-amparo","tag-ribeira-do-pombal","tag-sitio-do-quinto","tag-tucano"],"aioseo_notices":[],"_links":{"self":[{"href":"https:\/\/www.portalalerta.com.br\/index.php\/wp-json\/wp\/v2\/posts\/68657","targetHints":{"allow":["GET"]}}],"collection":[{"href":"https:\/\/www.portalalerta.com.br\/index.php\/wp-json\/wp\/v2\/posts"}],"about":[{"href":"https:\/\/www.portalalerta.com.br\/index.php\/wp-json\/wp\/v2\/types\/post"}],"author":[{"embeddable":true,"href":"https:\/\/www.portalalerta.com.br\/index.php\/wp-json\/wp\/v2\/users\/2"}],"replies":[{"embeddable":true,"href":"https:\/\/www.portalalerta.com.br\/index.php\/wp-json\/wp\/v2\/comments?post=68657"}],"version-history":[{"count":1,"href":"https:\/\/www.portalalerta.com.br\/index.php\/wp-json\/wp\/v2\/posts\/68657\/revisions"}],"predecessor-version":[{"id":68658,"href":"https:\/\/www.portalalerta.com.br\/index.php\/wp-json\/wp\/v2\/posts\/68657\/revisions\/68658"}],"wp:featuredmedia":[{"embeddable":true,"href":"https:\/\/www.portalalerta.com.br\/index.php\/wp-json\/wp\/v2\/media\/68651"}],"wp:attachment":[{"href":"https:\/\/www.portalalerta.com.br\/index.php\/wp-json\/wp\/v2\/media?parent=68657"}],"wp:term":[{"taxonomy":"category","embeddable":true,"href":"https:\/\/www.portalalerta.com.br\/index.php\/wp-json\/wp\/v2\/categories?post=68657"},{"taxonomy":"post_tag","embeddable":true,"href":"https:\/\/www.portalalerta.com.br\/index.php\/wp-json\/wp\/v2\/tags?post=68657"}],"curies":[{"name":"wp","href":"https:\/\/api.w.org\/{rel}","templated":true}]}}