{"id":68713,"date":"2025-02-06T07:02:00","date_gmt":"2025-02-06T10:02:00","guid":{"rendered":"https:\/\/www.portalalerta.com.br\/?p=68713"},"modified":"2025-02-05T22:03:20","modified_gmt":"2025-02-06T01:03:20","slug":"secretario-nomeado-em-jeremoabo-ja-foi-envolvido-em-fraudes-na-saude","status":"publish","type":"post","link":"https:\/\/www.portalalerta.com.br\/index.php\/2025\/02\/06\/secretario-nomeado-em-jeremoabo-ja-foi-envolvido-em-fraudes-na-saude\/","title":{"rendered":"Secret\u00e1rio nomeado em Jeremoabo j\u00e1 foi denunciado em fraudes na Sa\u00fade"},"content":{"rendered":"\n<p><strong>Risvaldo Varj\u00e3o Oliveira Junior foi denunciado pelo Minist\u00e9rio P\u00fablico Federal (MPF) em 2017<\/strong><\/p>\n\n\n\n<!--more-->\n\n\n\n<p>O novo secret\u00e1rio de Sa\u00fade, Risvaldo Varj\u00e3o Oliveira J\u00fanior, nomeado pelo prefeito de Jeremoabo, Tista de Deda (PSD) j\u00e1 foi denunciado por fraudes em 2017.<\/p>\n\n\n\n<p>A \u00e9poca, o Minist\u00e9rio P\u00fablico Federal (MPF) apresentou den\u00fancia contra 10 pessoas suspeitas de fraudes em licita\u00e7\u00f5es, corrup\u00e7\u00e3o e dano ao er\u00e1rio em contratos entre o Hospital Municipal e a Cooperativa Feirense de Sa\u00fade (CoofSa\u00fade). Entre eles, estava o nome de Rivaldo Varj\u00e3o Oliveira J\u00fanior.<\/p>\n\n\n\n<p>A \u00e9poca a representa\u00e7\u00e3o foi feita com base em auditoria efetuada pelo Tribunal de Contas da Uni\u00e3o (TCU) ap\u00f3s den\u00fancia do vereador Jairo do Sert\u00e3o.<\/p>\n\n\n\n<p>A CoofSa\u00fade, a qual fornecia m\u00e3o de obra, teria recebido entre 2007 e 2018, quase um R$ 1 bilh\u00e3o de reais de contratos firmados com diversos munic\u00edpios baianos.<\/p>\n\n\n\n<p>Durante a fiscaliza\u00e7\u00e3o, realizada pela Controladoria Geral da Uni\u00e3o (CGU) em Feira de Santana, foram identificadas diversas irregularidades nos processos de contrata\u00e7\u00e3o da Coofsa\u00fade, como a aus\u00eancia de projeto b\u00e1sico ou termo de refer\u00eancia, v\u00edcios nas cota\u00e7\u00f5es de pre\u00e7os para defini\u00e7\u00e3o do or\u00e7amento de refer\u00eancia, cl\u00e1usulas restritivas no edital e irregularidades na pr\u00f3pria condu\u00e7\u00e3o dos certames, com favorecimento para a Cooperativa investigada. Foi constatada ainda a falta de controle sobre os pagamentos realizados, o que permitiu a ocorr\u00eancia de superfaturamento.<\/p>\n\n\n\n<p>O novo secret\u00e1rio de Sa\u00fade j\u00e1 tinha exercido o cargo de secret\u00e1rio de sa\u00fade entre novembro de 2010 a dezembro de 2012, na gest\u00e3o do prefeito Jo\u00e3o Batista Melo de Carvalho. Risvaldo tamb\u00e9m participou da gest\u00e3o da prefeita Anabel de S\u00e1 Lima de Carvalho com nomea\u00e7\u00e3o em janeiro de 2013.<\/p>\n\n\n\n<p>A reportagem procurou o prefeito de Jeremoabo, Tista de Deda, o qual informou que o secret\u00e1rio nomeado, Risvaldo Varj\u00e3o Oliveira J\u00fanior, j\u00e1 foi absolvido do processo citado.<\/p>\n\n\n\n<p>Em nota, a Prefeitura diz ainda que a prop\u00f3sito das a\u00e7\u00f5es judiciais relacionadas a Risvaldo Varj\u00e3o de Oliveira Junior, esclarece que est\u00e1 exercendo a defesa nos autos e que confia no reconhecimento, pela justi\u00e7a, da absoluta regularidade dos atos administrativos praticados durante o per\u00edodo em que esteve a frente da Secretaria Municipal de Sa\u00fade do Munic\u00edpio de Jeremoabo, e que n\u00e3o h\u00e1 nenhuma decis\u00e3o judicial que estabele\u00e7a interdi\u00e7\u00e3o ao exerc\u00edcio de cargos p\u00fablicos por parte de Risvaldo Jr.<\/p>\n\n\n\n<p><em>Fonte: A tarde<\/em><\/p>\n","protected":false},"excerpt":{"rendered":"<p>Risvaldo Varj\u00e3o Oliveira Junior foi denunciado pelo Minist\u00e9rio P\u00fablico Federal (MPF) em 2017<\/p>\n","protected":false},"author":2,"featured_media":68704,"comment_status":"open","ping_status":"open","sticky":false,"template":"","format":"standard","meta":{"om_disable_all_campaigns":false,"_monsterinsights_skip_tracking":false,"_monsterinsights_sitenote_active":false,"_monsterinsights_sitenote_note":"","_monsterinsights_sitenote_category":0,"footnotes":""},"categories":[70,9,69,21,32,19],"tags":[100,71,48,75,4178,4180,152,129,107,4181,132,230,352,106,203,120,51,109,88,47,61,2594,111,190],"class_list":["post-68713","post","type-post","status-publish","format-standard","has-post-thumbnail","hentry","category-destaques","category-jeremoabo","category-noticias2","category-politica","category-regiao","category-saude","tag-adustina","tag-antas","tag-araci","tag-cicero-dantas","tag-cipo-2","tag-crisopolis-2","tag-denuncia","tag-euclides-da-cunha","tag-fatima","tag-heliopolis-2","tag-itapicuru","tag-jeremoabo","tag-ministerio-publico","tag-nova-soure","tag-novo-triunfo","tag-olindina","tag-paripiranga","tag-quijingue","tag-ribeira-do-amparo","tag-ribeira-do-pombal","tag-saude","tag-secretario","tag-sitio-do-quinto","tag-tucano"],"aioseo_notices":[],"_links":{"self":[{"href":"https:\/\/www.portalalerta.com.br\/index.php\/wp-json\/wp\/v2\/posts\/68713","targetHints":{"allow":["GET"]}}],"collection":[{"href":"https:\/\/www.portalalerta.com.br\/index.php\/wp-json\/wp\/v2\/posts"}],"about":[{"href":"https:\/\/www.portalalerta.com.br\/index.php\/wp-json\/wp\/v2\/types\/post"}],"author":[{"embeddable":true,"href":"https:\/\/www.portalalerta.com.br\/index.php\/wp-json\/wp\/v2\/users\/2"}],"replies":[{"embeddable":true,"href":"https:\/\/www.portalalerta.com.br\/index.php\/wp-json\/wp\/v2\/comments?post=68713"}],"version-history":[{"count":3,"href":"https:\/\/www.portalalerta.com.br\/index.php\/wp-json\/wp\/v2\/posts\/68713\/revisions"}],"predecessor-version":[{"id":68728,"href":"https:\/\/www.portalalerta.com.br\/index.php\/wp-json\/wp\/v2\/posts\/68713\/revisions\/68728"}],"wp:featuredmedia":[{"embeddable":true,"href":"https:\/\/www.portalalerta.com.br\/index.php\/wp-json\/wp\/v2\/media\/68704"}],"wp:attachment":[{"href":"https:\/\/www.portalalerta.com.br\/index.php\/wp-json\/wp\/v2\/media?parent=68713"}],"wp:term":[{"taxonomy":"category","embeddable":true,"href":"https:\/\/www.portalalerta.com.br\/index.php\/wp-json\/wp\/v2\/categories?post=68713"},{"taxonomy":"post_tag","embeddable":true,"href":"https:\/\/www.portalalerta.com.br\/index.php\/wp-json\/wp\/v2\/tags?post=68713"}],"curies":[{"name":"wp","href":"https:\/\/api.w.org\/{rel}","templated":true}]}}