{"id":68847,"date":"2025-02-08T12:35:15","date_gmt":"2025-02-08T15:35:15","guid":{"rendered":"https:\/\/www.portalalerta.com.br\/?p=68847"},"modified":"2025-02-08T13:13:08","modified_gmt":"2025-02-08T16:13:08","slug":"caso-marcelo-brito-denuncia-por-racismo-e-protocolada-na-comissao-de-etica-da-camara","status":"publish","type":"post","link":"https:\/\/www.portalalerta.com.br\/index.php\/2025\/02\/08\/caso-marcelo-brito-denuncia-por-racismo-e-protocolada-na-comissao-de-etica-da-camara\/","title":{"rendered":"Caso Marcelo Brito: Den\u00fancia por racismo \u00e9 protocolada na Comiss\u00e3o de \u00c9tica da C\u00e2mara de Ribeira do Pombal-BA"},"content":{"rendered":"\n<p><strong>Menos de&nbsp;24 horas&nbsp;ap\u00f3s a sess\u00e3o de abertura dos trabalhos legislativos, a&nbsp;Comiss\u00e3o de \u00c9tica da C\u00e2mara Municipal de Ribeira do Pombal&nbsp;j\u00e1 tem um tema pol\u00eamico para tratar: a den\u00fancia por crime de&nbsp;racismo&nbsp;contra o vereador&nbsp;Marcelo Brito (MDB).<\/strong><\/p>\n\n\n\n<!--more-->\n\n\n<div class=\"wp-block-image\">\n<figure class=\"alignleft size-large is-resized\"><img fetchpriority=\"high\" decoding=\"async\" src=\"https:\/\/www.portalalerta.com.br\/wp-content\/uploads\/2024\/04\/autoescola-emprego-1024x1024.jpg\" alt=\"\" class=\"wp-image-55693\" width=\"393\" height=\"393\" srcset=\"https:\/\/www.portalalerta.com.br\/wp-content\/uploads\/2024\/04\/autoescola-emprego-1024x1024.jpg 1024w, https:\/\/www.portalalerta.com.br\/wp-content\/uploads\/2024\/04\/autoescola-emprego-240x240.jpg 240w, https:\/\/www.portalalerta.com.br\/wp-content\/uploads\/2024\/04\/autoescola-emprego-768x768.jpg 768w, https:\/\/www.portalalerta.com.br\/wp-content\/uploads\/2024\/04\/autoescola-emprego.jpg 1080w\" sizes=\"(max-width: 393px) 100vw, 393px\" \/><\/figure><\/div>\n\n\n<p>O documento foi protocolado nesta\u00a0<strong>sexta-feira (07\/02\/2025)<\/strong>\u00a0pelos ex-vereadores\u00a0<strong>Nego Ri e J\u00fanior Fonseca<\/strong>, e se baseia no discurso feito por Marcelo na sess\u00e3o de\u00a0<strong><a href=\"https:\/\/www.portalalerta.com.br\/index.php\/2024\/12\/20\/em-noite-de-homenagens-vereador-faz-discurso-racista-na-camara-municipal-de-ribeira-do-pombal-ba\/\" title=\"\">19 de dezembro de 2024<\/a><\/strong>, amplamente criticado e interpretado como racista.<\/p>\n\n\n\n<p>Com a den\u00fancia agora nas m\u00e3os da Comiss\u00e3o de \u00c9tica, os pr\u00f3ximos passos podem definir o futuro do vereador. Caso a investiga\u00e7\u00e3o resulte na&nbsp;<strong>cassa\u00e7\u00e3o do mandato<\/strong>,&nbsp;<strong>Nego Ri<\/strong>, que foi o primeiro suplente da oposi\u00e7\u00e3o, pode reassumir uma cadeira na Casa Legislativa.<\/p>\n\n\n\n<p>A den\u00fancia chega para esquentar ainda mais os bastidores pol\u00edticos da cidade, logo no primeiro dia \u00fatil ap\u00f3s a abertura dos trabalhos da C\u00e2mara. O caso promete render intensos debates e desdobramentos nos pr\u00f3ximos dias.<\/p>\n\n\n\n<p><em>Fonte: Dia a Dia Nordeste<\/em><\/p>\n","protected":false},"excerpt":{"rendered":"<p>Menos de&nbsp;24 horas&nbsp;ap\u00f3s a sess\u00e3o de abertura dos trabalhos legislativos, a&nbsp;Comiss\u00e3o de \u00c9tica da C\u00e2mara Municipal de Ribeira do Pombal&nbsp;j\u00e1 tem um tema pol\u00eamico para tratar: a den\u00fancia por crime de&nbsp;racismo&nbsp;contra o vereador&nbsp;Marcelo Brito (MDB).<\/p>\n","protected":false},"author":2,"featured_media":68848,"comment_status":"open","ping_status":"open","sticky":false,"template":"","format":"standard","meta":{"om_disable_all_campaigns":false,"_monsterinsights_skip_tracking":false,"_monsterinsights_sitenote_active":false,"_monsterinsights_sitenote_note":"","_monsterinsights_sitenote_category":0,"footnotes":""},"categories":[70,69,21,32,3],"tags":[100,71,48,211,75,4178,4180,152,129,107,4181,132,230,811,106,203,120,51,109,331,88,47,111,190],"class_list":["post-68847","post","type-post","status-publish","format-standard","has-post-thumbnail","hentry","category-destaques","category-noticias2","category-politica","category-regiao","category-ribeira-do-pombal","tag-adustina","tag-antas","tag-araci","tag-camara-de-vereadores","tag-cicero-dantas","tag-cipo-2","tag-crisopolis-2","tag-denuncia","tag-euclides-da-cunha","tag-fatima","tag-heliopolis-2","tag-itapicuru","tag-jeremoabo","tag-marcelo-brito","tag-nova-soure","tag-novo-triunfo","tag-olindina","tag-paripiranga","tag-quijingue","tag-racismo","tag-ribeira-do-amparo","tag-ribeira-do-pombal","tag-sitio-do-quinto","tag-tucano"],"aioseo_notices":[],"_links":{"self":[{"href":"https:\/\/www.portalalerta.com.br\/index.php\/wp-json\/wp\/v2\/posts\/68847","targetHints":{"allow":["GET"]}}],"collection":[{"href":"https:\/\/www.portalalerta.com.br\/index.php\/wp-json\/wp\/v2\/posts"}],"about":[{"href":"https:\/\/www.portalalerta.com.br\/index.php\/wp-json\/wp\/v2\/types\/post"}],"author":[{"embeddable":true,"href":"https:\/\/www.portalalerta.com.br\/index.php\/wp-json\/wp\/v2\/users\/2"}],"replies":[{"embeddable":true,"href":"https:\/\/www.portalalerta.com.br\/index.php\/wp-json\/wp\/v2\/comments?post=68847"}],"version-history":[{"count":3,"href":"https:\/\/www.portalalerta.com.br\/index.php\/wp-json\/wp\/v2\/posts\/68847\/revisions"}],"predecessor-version":[{"id":68861,"href":"https:\/\/www.portalalerta.com.br\/index.php\/wp-json\/wp\/v2\/posts\/68847\/revisions\/68861"}],"wp:featuredmedia":[{"embeddable":true,"href":"https:\/\/www.portalalerta.com.br\/index.php\/wp-json\/wp\/v2\/media\/68848"}],"wp:attachment":[{"href":"https:\/\/www.portalalerta.com.br\/index.php\/wp-json\/wp\/v2\/media?parent=68847"}],"wp:term":[{"taxonomy":"category","embeddable":true,"href":"https:\/\/www.portalalerta.com.br\/index.php\/wp-json\/wp\/v2\/categories?post=68847"},{"taxonomy":"post_tag","embeddable":true,"href":"https:\/\/www.portalalerta.com.br\/index.php\/wp-json\/wp\/v2\/tags?post=68847"}],"curies":[{"name":"wp","href":"https:\/\/api.w.org\/{rel}","templated":true}]}}