{"id":68863,"date":"2025-02-10T07:00:00","date_gmt":"2025-02-10T10:00:00","guid":{"rendered":"https:\/\/www.portalalerta.com.br\/?p=68863"},"modified":"2025-02-09T22:55:06","modified_gmt":"2025-02-10T01:55:06","slug":"filho-de-catadora-de-latinhas-estudante-baiano-e-aprovado-para-intercambio-em-universidade-na-espanha","status":"publish","type":"post","link":"https:\/\/www.portalalerta.com.br\/index.php\/2025\/02\/10\/filho-de-catadora-de-latinhas-estudante-baiano-e-aprovado-para-intercambio-em-universidade-na-espanha\/","title":{"rendered":"Filho de catadora de latinhas, estudante baiano \u00e9 aprovado para interc\u00e2mbio em universidade na Espanha"},"content":{"rendered":"\n<p>De origem humilde, o estudante Vin\u00edcius dos Santos Ven\u00e2ncio, de 22 anos, natural de Am\u00e9lia Rodrigues, a cerca de 90 km de Salvador, est\u00e1 prestes a realizar um grande sonho: estudar na Universidade de Valladolid, na Espanha.<\/p>\n\n\n\n<!--more-->\n\n\n\n<p>Aluno do curso de Licenciatura em Letras com Espanhol na Universidade Estadual de Feira de Santana (Uefs), ele foi aprovado para o interc\u00e2mbio acad\u00eamico e agora se organiza para iniciar essa nova etapa da vida.<\/p>\n\n\n\n<p>Filho da recicladora Renilza de Assis Santos, Vin\u00edcius cresceu vendo a m\u00e3e sustentar a fam\u00edlia com o trabalho de coleta de materiais recicl\u00e1veis, faxinas e cuidado de idosos. Diante das dificuldades financeiras, viu a educa\u00e7\u00e3o como uma ferramenta de transforma\u00e7\u00e3o e se dedicou aos estudos.<\/p>\n\n\n<div class=\"wp-block-image\">\n<figure class=\"alignleft size-large is-resized\"><img fetchpriority=\"high\" decoding=\"async\" src=\"https:\/\/www.portalalerta.com.br\/wp-content\/uploads\/2024\/12\/Sabino-Carrinho-de-mao-1024x1024.jpeg\" alt=\"\" class=\"wp-image-65525\" width=\"406\" height=\"406\" srcset=\"https:\/\/www.portalalerta.com.br\/wp-content\/uploads\/2024\/12\/Sabino-Carrinho-de-mao-1024x1024.jpeg 1024w, https:\/\/www.portalalerta.com.br\/wp-content\/uploads\/2024\/12\/Sabino-Carrinho-de-mao-240x240.jpeg 240w, https:\/\/www.portalalerta.com.br\/wp-content\/uploads\/2024\/12\/Sabino-Carrinho-de-mao-768x768.jpeg 768w, https:\/\/www.portalalerta.com.br\/wp-content\/uploads\/2024\/12\/Sabino-Carrinho-de-mao.jpeg 1080w\" sizes=\"(max-width: 406px) 100vw, 406px\" \/><\/figure><\/div>\n\n\n<p>Vin\u00edcius lembra animado a rea\u00e7\u00e3o ao receber a not\u00edcia da aprova\u00e7\u00e3o na universidade da Espanha.<\/p>\n\n\n\n<p>\u201cQuando recebi a carta de aceita\u00e7\u00e3o, foi uma felicidade enorme, mas tamb\u00e9m um grande desafio\u201d, contou o estudante em entrevista para a TV Suba\u00e9, afiliada da Rede Bahia.<\/p>\n\n\n\n<p>Al\u00e9m de futuro professor, ele \u00e9 poeta e pretende participar de competi\u00e7\u00f5es de poesia.<\/p>\n\n\n\n<p>\u201cQuero representar a Bahia e o Brasil, contribuir para o desenvolvimento cultural e inspirar outras pessoas que, assim como eu, sonham com um futuro melhor\u201d, destaca.<\/p>\n\n\n\n<p>Para tornar esse sonho realidade, o jovem mobilizou amigos e familiares para arrecadar os recursos necess\u00e1rios. Al\u00e9m dos custos com passagem e documenta\u00e7\u00e3o, ser\u00e1 necess\u00e1rio se manter financeiramente durante a estadia na Espanha. As despesas incluem moradia e alimenta\u00e7\u00e3o.<\/p>\n\n\n\n<p>Mesmo com limita\u00e7\u00f5es financeiras, Renilza, m\u00e3e do estudante, sempre se esfor\u00e7ou para proporcionar as melhores oportunidades para o filho. Em muitos momentos isso significou sacrif\u00edcios pessoais. Para ela, o interc\u00e2mbio do filho representa mais que uma chance de estudos, mas um passo importante para a mudan\u00e7a de vida de Vin\u00edcius.<\/p>\n\n\n\n<p>\u201cEle sempre foi muito dedicado e sonhou alto. Como m\u00e3e, fa\u00e7o tudo o que posso para apoiar, porque sei que essa oportunidade pode mudar a vida dele\u201d, disse dona Renilza.<\/p>\n\n\n\n<p>A Universidade de Valladolid, fundada no s\u00e9culo XIII, \u00e9 uma das mais tradicionais institui\u00e7\u00f5es de ensino da Europa. Vin\u00edcius v\u00ea a oportunidade n\u00e3o apenas como um crescimento acad\u00eamico, mas tamb\u00e9m pessoal e profissional.<\/p>\n\n\n\n<p>Agora, a expectativa \u00e9 grande para o in\u00edcio das aulas, que j\u00e1 tem data marcada: 12 de fevereiro. O estudante segue focado nos \u00faltimos preparativos para dar in\u00edcio a essa nova etapa da vida.<\/p>\n\n\n\n<p><em>Fonte: Not\u00edcias de Santa Luz<\/em><\/p>\n","protected":false},"excerpt":{"rendered":"<p>De origem humilde, o estudante Vin\u00edcius dos Santos Ven\u00e2ncio, de 22 anos, natural de Am\u00e9lia Rodrigues, a cerca de 90 km de Salvador, est\u00e1 prestes a realizar um grande sonho: estudar na Universidade de Valladolid, na Espanha.<\/p>\n","protected":false},"author":2,"featured_media":68864,"comment_status":"open","ping_status":"open","sticky":false,"template":"","format":"standard","meta":{"om_disable_all_campaigns":false,"_monsterinsights_skip_tracking":false,"_monsterinsights_sitenote_active":false,"_monsterinsights_sitenote_note":"","_monsterinsights_sitenote_category":0,"footnotes":""},"categories":[33,70,20,35,69],"tags":[100,3630,71,48,54,75,4178,4180,899,129,107,4181,2228,132,230,106,203,120,51,109,88,47,111,190],"class_list":["post-68863","post","type-post","status-publish","format-standard","has-post-thumbnail","hentry","category-bahia","category-destaques","category-educacao","category-mundo","category-noticias2","tag-adustina","tag-amelia-rodrigues","tag-antas","tag-araci","tag-bahia","tag-cicero-dantas","tag-cipo-2","tag-crisopolis-2","tag-espanha","tag-euclides-da-cunha","tag-fatima","tag-heliopolis-2","tag-intercambio","tag-itapicuru","tag-jeremoabo","tag-nova-soure","tag-novo-triunfo","tag-olindina","tag-paripiranga","tag-quijingue","tag-ribeira-do-amparo","tag-ribeira-do-pombal","tag-sitio-do-quinto","tag-tucano"],"aioseo_notices":[],"_links":{"self":[{"href":"https:\/\/www.portalalerta.com.br\/index.php\/wp-json\/wp\/v2\/posts\/68863","targetHints":{"allow":["GET"]}}],"collection":[{"href":"https:\/\/www.portalalerta.com.br\/index.php\/wp-json\/wp\/v2\/posts"}],"about":[{"href":"https:\/\/www.portalalerta.com.br\/index.php\/wp-json\/wp\/v2\/types\/post"}],"author":[{"embeddable":true,"href":"https:\/\/www.portalalerta.com.br\/index.php\/wp-json\/wp\/v2\/users\/2"}],"replies":[{"embeddable":true,"href":"https:\/\/www.portalalerta.com.br\/index.php\/wp-json\/wp\/v2\/comments?post=68863"}],"version-history":[{"count":1,"href":"https:\/\/www.portalalerta.com.br\/index.php\/wp-json\/wp\/v2\/posts\/68863\/revisions"}],"predecessor-version":[{"id":68865,"href":"https:\/\/www.portalalerta.com.br\/index.php\/wp-json\/wp\/v2\/posts\/68863\/revisions\/68865"}],"wp:featuredmedia":[{"embeddable":true,"href":"https:\/\/www.portalalerta.com.br\/index.php\/wp-json\/wp\/v2\/media\/68864"}],"wp:attachment":[{"href":"https:\/\/www.portalalerta.com.br\/index.php\/wp-json\/wp\/v2\/media?parent=68863"}],"wp:term":[{"taxonomy":"category","embeddable":true,"href":"https:\/\/www.portalalerta.com.br\/index.php\/wp-json\/wp\/v2\/categories?post=68863"},{"taxonomy":"post_tag","embeddable":true,"href":"https:\/\/www.portalalerta.com.br\/index.php\/wp-json\/wp\/v2\/tags?post=68863"}],"curies":[{"name":"wp","href":"https:\/\/api.w.org\/{rel}","templated":true}]}}