{"id":68869,"date":"2025-02-10T07:02:00","date_gmt":"2025-02-10T10:02:00","guid":{"rendered":"https:\/\/www.portalalerta.com.br\/?p=68869"},"modified":"2025-02-09T23:02:40","modified_gmt":"2025-02-10T02:02:40","slug":"dificuldade-para-respirar-faz-papa-francisco-interromper-discurso-na-praca-sao-pedro","status":"publish","type":"post","link":"https:\/\/www.portalalerta.com.br\/index.php\/2025\/02\/10\/dificuldade-para-respirar-faz-papa-francisco-interromper-discurso-na-praca-sao-pedro\/","title":{"rendered":"Dificuldade para respirar faz Papa Francisco interromper discurso na Pra\u00e7a S\u00e3o Pedro"},"content":{"rendered":"\n<p>O Papa Francisco teve dificuldade para concluir a homilia durante a Santa Missa para o Jubileu das For\u00e7as Armadas, Pol\u00edcia e Seguran\u00e7a, realizada neste domingo (9), na Pra\u00e7a S\u00e3o Pedro. Com a voz visivelmente abatida por uma bronquite, ele precisou interromper a leitura e pediu desculpas aos fi\u00e9is antes de passar a palavra ao mestre das Celebra\u00e7\u00f5es Lit\u00fargicas Pontif\u00edcias, dom Diego Giovanni Ravelli.<\/p>\n\n\n\n<!--more-->\n\n\n<div class=\"wp-block-image\">\n<figure class=\"alignleft size-large is-resized\"><img fetchpriority=\"high\" decoding=\"async\" src=\"https:\/\/www.portalalerta.com.br\/wp-content\/uploads\/2024\/04\/autoescola-emprego-1024x1024.jpg\" alt=\"\" class=\"wp-image-55693\" width=\"403\" height=\"403\" srcset=\"https:\/\/www.portalalerta.com.br\/wp-content\/uploads\/2024\/04\/autoescola-emprego-1024x1024.jpg 1024w, https:\/\/www.portalalerta.com.br\/wp-content\/uploads\/2024\/04\/autoescola-emprego-240x240.jpg 240w, https:\/\/www.portalalerta.com.br\/wp-content\/uploads\/2024\/04\/autoescola-emprego-768x768.jpg 768w, https:\/\/www.portalalerta.com.br\/wp-content\/uploads\/2024\/04\/autoescola-emprego.jpg 1080w\" sizes=\"(max-width: 403px) 100vw, 403px\" \/><\/figure><\/div>\n\n\n<p>Antes da pausa, Francisco falou sobre a atitude de Jesus no lago de Genesar\u00e9, destacando tr\u00eas verbos mencionados pelo evangelista Lucas: ver, subir e sentar. O Papa ressaltou que Cristo sempre priorizou o encontro com os outros e a compaix\u00e3o, lan\u00e7ando um olhar de ternura sobre aqueles que enfrentam fracassos e desilus\u00f5es. Ele refor\u00e7ou a proximidade e a miseric\u00f3rdia de Deus, lembrando que o olhar de Jesus alcan\u00e7a at\u00e9 os que, como os pescadores da passagem b\u00edblica, se sentem desanimados depois de uma noite sem frutos.<\/p>\n\n\n\n<p>A celebra\u00e7\u00e3o reuniu mais de 25 mil pessoas e foi concelebrada pelo prefeito do Dicast\u00e9rio para os Bispos, cardeal Francis Prevost, pelo ordin\u00e1rio militar da It\u00e1lia, dom Santo Marcian\u00f2, e pelo arcebispo de Vilnius, dom Gintaras Gru\u0161as, presidente do Conselho das Confer\u00eancias Episcopais Europeias (CCEE).<\/p>\n\n\n\n<p><em>Fonte: Not\u00edcias de Santaluz<\/em><\/p>\n","protected":false},"excerpt":{"rendered":"<p>O Papa Francisco teve dificuldade para concluir a homilia durante a Santa Missa para o Jubileu das For\u00e7as Armadas, Pol\u00edcia e Seguran\u00e7a, realizada neste domingo (9), na Pra\u00e7a S\u00e3o Pedro. Com a voz visivelmente abatida por uma bronquite, ele precisou interromper a leitura e pediu desculpas aos fi\u00e9is antes de passar a palavra ao mestre &hellip;<\/p>\n","protected":false},"author":2,"featured_media":68870,"comment_status":"open","ping_status":"open","sticky":false,"template":"","format":"standard","meta":{"om_disable_all_campaigns":false,"_monsterinsights_skip_tracking":false,"_monsterinsights_sitenote_active":false,"_monsterinsights_sitenote_note":"","_monsterinsights_sitenote_category":0,"footnotes":""},"categories":[70,35,69],"tags":[],"class_list":["post-68869","post","type-post","status-publish","format-standard","has-post-thumbnail","hentry","category-destaques","category-mundo","category-noticias2"],"aioseo_notices":[],"_links":{"self":[{"href":"https:\/\/www.portalalerta.com.br\/index.php\/wp-json\/wp\/v2\/posts\/68869","targetHints":{"allow":["GET"]}}],"collection":[{"href":"https:\/\/www.portalalerta.com.br\/index.php\/wp-json\/wp\/v2\/posts"}],"about":[{"href":"https:\/\/www.portalalerta.com.br\/index.php\/wp-json\/wp\/v2\/types\/post"}],"author":[{"embeddable":true,"href":"https:\/\/www.portalalerta.com.br\/index.php\/wp-json\/wp\/v2\/users\/2"}],"replies":[{"embeddable":true,"href":"https:\/\/www.portalalerta.com.br\/index.php\/wp-json\/wp\/v2\/comments?post=68869"}],"version-history":[{"count":1,"href":"https:\/\/www.portalalerta.com.br\/index.php\/wp-json\/wp\/v2\/posts\/68869\/revisions"}],"predecessor-version":[{"id":68871,"href":"https:\/\/www.portalalerta.com.br\/index.php\/wp-json\/wp\/v2\/posts\/68869\/revisions\/68871"}],"wp:featuredmedia":[{"embeddable":true,"href":"https:\/\/www.portalalerta.com.br\/index.php\/wp-json\/wp\/v2\/media\/68870"}],"wp:attachment":[{"href":"https:\/\/www.portalalerta.com.br\/index.php\/wp-json\/wp\/v2\/media?parent=68869"}],"wp:term":[{"taxonomy":"category","embeddable":true,"href":"https:\/\/www.portalalerta.com.br\/index.php\/wp-json\/wp\/v2\/categories?post=68869"},{"taxonomy":"post_tag","embeddable":true,"href":"https:\/\/www.portalalerta.com.br\/index.php\/wp-json\/wp\/v2\/tags?post=68869"}],"curies":[{"name":"wp","href":"https:\/\/api.w.org\/{rel}","templated":true}]}}