{"id":68872,"date":"2025-02-10T10:39:50","date_gmt":"2025-02-10T13:39:50","guid":{"rendered":"https:\/\/www.portalalerta.com.br\/?p=68872"},"modified":"2025-02-10T10:53:38","modified_gmt":"2025-02-10T13:53:38","slug":"homem-e-ferido-a-faca-ao-tentar-separar-briga-em-ribeira-do-pombal-ba","status":"publish","type":"post","link":"https:\/\/www.portalalerta.com.br\/index.php\/2025\/02\/10\/homem-e-ferido-a-faca-ao-tentar-separar-briga-em-ribeira-do-pombal-ba\/","title":{"rendered":"Homem \u00e9 ferido \u00e0 golpe de faca ao tentar separar briga em Ribeira do Pombal-BA"},"content":{"rendered":"\n<p>No in\u00edcio da tarde do \u00faltimo s\u00e1bado (08), um homem deu entrada na Emerg\u00eancia do Hospital Geral Santa Tereza, em Ribeira do Pombal, com um ferimento causado por um golpe de faca.<\/p>\n\n\n\n<!--more-->\n\n\n<div class=\"wp-block-image\">\n<figure class=\"alignleft size-full is-resized\"><img fetchpriority=\"high\" decoding=\"async\" src=\"https:\/\/www.portalalerta.com.br\/wp-content\/uploads\/2025\/01\/Liquida-Verao-Real-2025.jpg\" alt=\"\" class=\"wp-image-68486\" width=\"391\" height=\"489\" srcset=\"https:\/\/www.portalalerta.com.br\/wp-content\/uploads\/2025\/01\/Liquida-Verao-Real-2025.jpg 400w, https:\/\/www.portalalerta.com.br\/wp-content\/uploads\/2025\/01\/Liquida-Verao-Real-2025-192x240.jpg 192w\" sizes=\"(max-width: 391px) 100vw, 391px\" \/><\/figure><\/div>\n\n\n<p>A v\u00edtima foi identificada pelas iniciais J.M de J, e \u00e9 moradora da sede do munic\u00edpio, por\u00e9m teria sido ferida quando tentava separar uma briga na Fazenda Maravilha, zona rural da cidade.<\/p>\n\n\n\n<p>O rapaz foi submetido a um procedimento cir\u00fargico, por\u00e9m n\u00e3o corre risco de morte. Nada foi informado a respeito do autor da agress\u00e3o. <\/p>\n\n\n\n<figure class=\"wp-block-embed is-type-video is-provider-youtube wp-block-embed-youtube wp-embed-aspect-4-3 wp-has-aspect-ratio\"><div class=\"wp-block-embed__wrapper\">\n<iframe title=\"Homem \u00e9 ferido \u00e0 golpe de faca ao tentar separar briga em Ribeira do Pombal-BA\" width=\"422\" height=\"750\" src=\"https:\/\/www.youtube.com\/embed\/fFyWEQ_Ci1g?feature=oembed\" frameborder=\"0\" allow=\"accelerometer; autoplay; clipboard-write; encrypted-media; gyroscope; picture-in-picture; web-share\" referrerpolicy=\"strict-origin-when-cross-origin\" allowfullscreen><\/iframe>\n<\/div><\/figure>\n\n\n\n<p><em>Reda\u00e7\u00e3o: Portal Alerta<\/em><\/p>\n","protected":false},"excerpt":{"rendered":"<p>No in\u00edcio da tarde do \u00faltimo s\u00e1bado (08), um homem deu entrada na Emerg\u00eancia do Hospital Geral Santa Tereza, em Ribeira do Pombal, com um ferimento causado por um golpe de faca.<\/p>\n","protected":false},"author":2,"featured_media":17908,"comment_status":"open","ping_status":"open","sticky":false,"template":"","format":"standard","meta":{"om_disable_all_campaigns":false,"_monsterinsights_skip_tracking":false,"_monsterinsights_sitenote_active":false,"_monsterinsights_sitenote_note":"","_monsterinsights_sitenote_category":0,"footnotes":""},"categories":[70,69,32,3,22,68],"tags":[100,71,48,75,4178,4180,129,492,107,299,4181,151,132,230,106,203,120,51,109,88,47,111,190],"class_list":["post-68872","post","type-post","status-publish","format-standard","has-post-thumbnail","hentry","category-destaques","category-noticias2","category-regiao","category-ribeira-do-pombal","category-seguranca","category-videos","tag-adustina","tag-antas","tag-araci","tag-cicero-dantas","tag-cipo-2","tag-crisopolis-2","tag-euclides-da-cunha","tag-facada","tag-fatima","tag-ferido","tag-heliopolis-2","tag-hgst","tag-itapicuru","tag-jeremoabo","tag-nova-soure","tag-novo-triunfo","tag-olindina","tag-paripiranga","tag-quijingue","tag-ribeira-do-amparo","tag-ribeira-do-pombal","tag-sitio-do-quinto","tag-tucano"],"aioseo_notices":[],"_links":{"self":[{"href":"https:\/\/www.portalalerta.com.br\/index.php\/wp-json\/wp\/v2\/posts\/68872","targetHints":{"allow":["GET"]}}],"collection":[{"href":"https:\/\/www.portalalerta.com.br\/index.php\/wp-json\/wp\/v2\/posts"}],"about":[{"href":"https:\/\/www.portalalerta.com.br\/index.php\/wp-json\/wp\/v2\/types\/post"}],"author":[{"embeddable":true,"href":"https:\/\/www.portalalerta.com.br\/index.php\/wp-json\/wp\/v2\/users\/2"}],"replies":[{"embeddable":true,"href":"https:\/\/www.portalalerta.com.br\/index.php\/wp-json\/wp\/v2\/comments?post=68872"}],"version-history":[{"count":3,"href":"https:\/\/www.portalalerta.com.br\/index.php\/wp-json\/wp\/v2\/posts\/68872\/revisions"}],"predecessor-version":[{"id":68890,"href":"https:\/\/www.portalalerta.com.br\/index.php\/wp-json\/wp\/v2\/posts\/68872\/revisions\/68890"}],"wp:featuredmedia":[{"embeddable":true,"href":"https:\/\/www.portalalerta.com.br\/index.php\/wp-json\/wp\/v2\/media\/17908"}],"wp:attachment":[{"href":"https:\/\/www.portalalerta.com.br\/index.php\/wp-json\/wp\/v2\/media?parent=68872"}],"wp:term":[{"taxonomy":"category","embeddable":true,"href":"https:\/\/www.portalalerta.com.br\/index.php\/wp-json\/wp\/v2\/categories?post=68872"},{"taxonomy":"post_tag","embeddable":true,"href":"https:\/\/www.portalalerta.com.br\/index.php\/wp-json\/wp\/v2\/tags?post=68872"}],"curies":[{"name":"wp","href":"https:\/\/api.w.org\/{rel}","templated":true}]}}