{"id":68899,"date":"2025-02-10T13:47:51","date_gmt":"2025-02-10T16:47:51","guid":{"rendered":"https:\/\/www.portalalerta.com.br\/?p=68899"},"modified":"2025-02-10T16:41:54","modified_gmt":"2025-02-10T19:41:54","slug":"carreta-bitrem-carregada-de-cimento-capota-na-br-110-em-cicero-dantas","status":"publish","type":"post","link":"https:\/\/www.portalalerta.com.br\/index.php\/2025\/02\/10\/carreta-bitrem-carregada-de-cimento-capota-na-br-110-em-cicero-dantas\/","title":{"rendered":"Carreta bitrem carregada de cimento capota na BR-110, em C\u00edcero Dantas-BA"},"content":{"rendered":"\n<p>Ve\u00edculo ficou de ponta-cabe\u00e7a em ribanceira, mas n\u00e3o houve feridos<\/p>\n\n\n\n<!--more-->\n\n\n<div class=\"wp-block-image\">\n<figure class=\"alignleft size-full\"><img fetchpriority=\"high\" decoding=\"async\" width=\"400\" height=\"500\" src=\"https:\/\/www.portalalerta.com.br\/wp-content\/uploads\/2025\/01\/Liquida-Verao-Real-2025.jpg\" alt=\"\" class=\"wp-image-68486\" srcset=\"https:\/\/www.portalalerta.com.br\/wp-content\/uploads\/2025\/01\/Liquida-Verao-Real-2025.jpg 400w, https:\/\/www.portalalerta.com.br\/wp-content\/uploads\/2025\/01\/Liquida-Verao-Real-2025-192x240.jpg 192w\" sizes=\"(max-width: 400px) 100vw, 400px\" \/><\/figure><\/div>\n\n\n<p>Imagens que circulam nas redes sociais mostram uma carreta bitrem carregada de cimento tombada \u00e0s margens da BR-110, na regi\u00e3o de C\u00edcero Dantas. O ve\u00edculo ficou totalmente de ponta-cabe\u00e7a em uma ribanceira, chamando a aten\u00e7\u00e3o pela gravidade do acidente.<\/p>\n\n\n\n<p>Apesar do cen\u00e1rio impressionante, houve apenas&nbsp;<strong>danos materiais<\/strong>, sem registro de feridos. A Pol\u00edcia Rodovi\u00e1ria Federal (PRF) esteve no local e investiga as causas do acidente.<\/p>\n\n\n\n<p>A BR-110 tem registrado diversos acidentes recentemente. Em menos de um m\u00eas, v\u00e1rias ocorr\u00eancias foram registradas no trecho que corta C\u00edcero Dantas, levantando alertas sobre as condi\u00e7\u00f5es da via e a necessidade de aten\u00e7\u00e3o redobrada dos motoristas.<\/p>\n\n\n\n<p>Fonte: Dia a Dia Nordeste<\/p>\n","protected":false},"excerpt":{"rendered":"<p>Ve\u00edculo ficou de ponta-cabe\u00e7a em ribanceira, mas n\u00e3o houve feridos<\/p>\n","protected":false},"author":2,"featured_media":68894,"comment_status":"open","ping_status":"open","sticky":false,"template":"","format":"standard","meta":{"om_disable_all_campaigns":false,"_monsterinsights_skip_tracking":false,"_monsterinsights_sitenote_active":false,"_monsterinsights_sitenote_note":"","_monsterinsights_sitenote_category":0,"footnotes":""},"categories":[4,70,69,32],"tags":[5463,100,71,48,126,75,4178,4180,129,107,4181,132,230,106,203,120,51,109,88,47,111,190],"class_list":["post-68899","post","type-post","status-publish","format-standard","has-post-thumbnail","hentry","category-cicero-dantas","category-destaques","category-noticias2","category-regiao","tag-acidente-de-transito","tag-adustina","tag-antas","tag-araci","tag-br-110","tag-cicero-dantas","tag-cipo-2","tag-crisopolis-2","tag-euclides-da-cunha","tag-fatima","tag-heliopolis-2","tag-itapicuru","tag-jeremoabo","tag-nova-soure","tag-novo-triunfo","tag-olindina","tag-paripiranga","tag-quijingue","tag-ribeira-do-amparo","tag-ribeira-do-pombal","tag-sitio-do-quinto","tag-tucano"],"aioseo_notices":[],"_links":{"self":[{"href":"https:\/\/www.portalalerta.com.br\/index.php\/wp-json\/wp\/v2\/posts\/68899","targetHints":{"allow":["GET"]}}],"collection":[{"href":"https:\/\/www.portalalerta.com.br\/index.php\/wp-json\/wp\/v2\/posts"}],"about":[{"href":"https:\/\/www.portalalerta.com.br\/index.php\/wp-json\/wp\/v2\/types\/post"}],"author":[{"embeddable":true,"href":"https:\/\/www.portalalerta.com.br\/index.php\/wp-json\/wp\/v2\/users\/2"}],"replies":[{"embeddable":true,"href":"https:\/\/www.portalalerta.com.br\/index.php\/wp-json\/wp\/v2\/comments?post=68899"}],"version-history":[{"count":2,"href":"https:\/\/www.portalalerta.com.br\/index.php\/wp-json\/wp\/v2\/posts\/68899\/revisions"}],"predecessor-version":[{"id":68906,"href":"https:\/\/www.portalalerta.com.br\/index.php\/wp-json\/wp\/v2\/posts\/68899\/revisions\/68906"}],"wp:featuredmedia":[{"embeddable":true,"href":"https:\/\/www.portalalerta.com.br\/index.php\/wp-json\/wp\/v2\/media\/68894"}],"wp:attachment":[{"href":"https:\/\/www.portalalerta.com.br\/index.php\/wp-json\/wp\/v2\/media?parent=68899"}],"wp:term":[{"taxonomy":"category","embeddable":true,"href":"https:\/\/www.portalalerta.com.br\/index.php\/wp-json\/wp\/v2\/categories?post=68899"},{"taxonomy":"post_tag","embeddable":true,"href":"https:\/\/www.portalalerta.com.br\/index.php\/wp-json\/wp\/v2\/tags?post=68899"}],"curies":[{"name":"wp","href":"https:\/\/api.w.org\/{rel}","templated":true}]}}