{"id":68902,"date":"2025-02-10T13:51:48","date_gmt":"2025-02-10T16:51:48","guid":{"rendered":"https:\/\/www.portalalerta.com.br\/?p=68902"},"modified":"2025-02-10T16:42:36","modified_gmt":"2025-02-10T19:42:36","slug":"apos-rombo-deputado-pedira-afastamento-de-sindicalista-que-preside-a-previ","status":"publish","type":"post","link":"https:\/\/www.portalalerta.com.br\/index.php\/2025\/02\/10\/apos-rombo-deputado-pedira-afastamento-de-sindicalista-que-preside-a-previ\/","title":{"rendered":"Ap\u00f3s rombo, deputado pedir\u00e1 afastamento de sindicalista que preside a Previ"},"content":{"rendered":"\n<p>Jorge Goetten afirma que Jo\u00e3o Fukunaga \u00e9 \u201cdespreparado\u201d e \u201csem as compet\u00eancias necess\u00e1rias para gerir\u201d<\/p>\n\n\n\n<!--more-->\n\n\n\n<p>O deputado federal Jorge Goetten (Republicanos-SC) afirmou \u00e0&nbsp;CNN&nbsp;que voltar\u00e1 a pedir ao&nbsp;Tribunal de Contas da Uni\u00e3o (TCU)&nbsp;o afastamento do presidente da Previ, Jo\u00e3o Fukunaga.<\/p>\n\n\n\n<p>A gest\u00e3o do fundo de pens\u00e3o ser\u00e1 alvo de auditoria ap\u00f3s registrar rombo bilion\u00e1rio no ano passado.<\/p>\n\n\n\n<p>Em agosto, Goetten j\u00e1 havia entrado com uma representa\u00e7\u00e3o junto ao TCU em que alegava irregularidades no processo de indica\u00e7\u00e3o de Fukunaga e pediu seu afastamento.<\/p>\n\n\n\n<p>Mas o relator do caso no Tribunal, ministro Walton Alencar Rodrigues, afirmou \u00e0 \u00e9poca que os crit\u00e9rios exigidos para a nomea\u00e7\u00e3o foram atendidos e julgou o pedido improcedente.<\/p>\n\n\n<div class=\"wp-block-image\">\n<figure class=\"alignleft size-large is-resized\"><img fetchpriority=\"high\" decoding=\"async\" src=\"https:\/\/www.portalalerta.com.br\/wp-content\/uploads\/2024\/04\/autoescola-emprego-1024x1024.jpg\" alt=\"\" class=\"wp-image-55693\" width=\"400\" height=\"400\" srcset=\"https:\/\/www.portalalerta.com.br\/wp-content\/uploads\/2024\/04\/autoescola-emprego-1024x1024.jpg 1024w, https:\/\/www.portalalerta.com.br\/wp-content\/uploads\/2024\/04\/autoescola-emprego-240x240.jpg 240w, https:\/\/www.portalalerta.com.br\/wp-content\/uploads\/2024\/04\/autoescola-emprego-768x768.jpg 768w, https:\/\/www.portalalerta.com.br\/wp-content\/uploads\/2024\/04\/autoescola-emprego.jpg 1080w\" sizes=\"(max-width: 400px) 100vw, 400px\" \/><\/figure><\/div>\n\n\n<p>Agora, Goetten afirma que um novo pedido de afastamento se justifica devido ao resultado da Previ em 2024.<\/p>\n\n\n\n<p>\u201cA indica\u00e7\u00e3o do Fukunaga n\u00e3o era acompanhada de capacita\u00e7\u00f5es necess\u00e1rias para uma boa gest\u00e3o, para a governan\u00e7a financeira desse fundo ou de uma outra empresa. E agora n\u00f3s estamos constatando, infelizmente, isso. O Tribunal de Contas est\u00e1 fazendo seu papel. No ano passado ele n\u00e3o aceitou meu pedido de afastamento do Fukunaga, mas, mesmo assim, abriu uma auditoria para fiscalizar com lupa a governan\u00e7a da Previ\u201d, afirma Goetten.<\/p>\n\n\n\n<p>Na nova iniciativa, o deputado conta com o fato de que o ministro Alencar Rodrigues, o mesmo que decidiu pelo n\u00e3o afastamento de Fukunaga no passado, \u00e9 agora o autor do pedido da auditoria aprovada e apontou \u201cgrav\u00edssimas preocupa\u00e7\u00f5es\u201d quanto \u00e0 gest\u00e3o do fundo.<\/p>\n\n\n\n<p>Entre os meses de janeiro e novembro de 2024, o chamado Plano 1 da Previ acumulou preju\u00edzo de aproximadamente R$ 14 bilh\u00f5es.<\/p>\n\n\n\n<p>\u201cOs n\u00fameros est\u00e3o confirmando que, \u00e0 frente desse fundo, o fundo mais importante da Am\u00e9rica Latina, est\u00e1 uma pessoa despreparada, sem as compet\u00eancias necess\u00e1rias para gerir. N\u00f3s estamos falando de mais de um quarto de trilh\u00e3o de reais, em torno de 250 a 300 milh\u00f5es de reais\u201d.<\/p>\n\n\n\n<p>O parlamentar afirmou que o rombo na Previ impacta diretamente os contribuintes do fundo.<\/p>\n\n\n\n<p>Ele mencionou precedente em que funcion\u00e1rios e aposentados da Caixa tiveram descontos em seus rendimentos para cobrir preju\u00edzos no Funcef, fundo de pens\u00e3o do Banco.<\/p>\n\n\n\n<p>\u201cMinha assessoria jur\u00eddica est\u00e1 preparando uma pe\u00e7a. Vou apresentar um pedido de reconsidera\u00e7\u00e3o ao TCU, para que imediatamente o gestor, o Fukunaga, seja afastado de suas fun\u00e7\u00f5es. A ideia \u00e9 colocar um interventor, algu\u00e9m capacitado para gerir bilh\u00f5es, que s\u00e3o do povo brasileiro e especialmente do aposentado da Previ\u201d, disse Goetten.<\/p>\n\n\n\n<p>No Congresso, a oposi\u00e7\u00e3o avalia uma convoca\u00e7\u00e3o de Fukunaga para prestar esclarecimentos e at\u00e9 mesmo uma CPI para investigar o caso.<\/p>\n\n\n\n<p>Especialistas ouvidos pela\u00a0CNN\u00a0levantaram\u00a0d\u00favidas sobre a gest\u00e3o de investimentos do Fundo.<\/p>\n\n\n\n<p>A Previ \u00e9 o maior fundo de previd\u00eancia da Am\u00e9rica Latina, administrando cerca de R$ 200 bilh\u00f5es e atendendo quase 200 mil participantes. Fukunaga assumiu a presid\u00eancia da Previ em 2023, com mandato at\u00e9 maio de 2026.<\/p>\n\n\n\n<p>Na semana passada, a\u00a0CNN\u00a0procurou a\u00a0Previ para que ela se posicionasse sobre 5 quest\u00f5es. S\u00e3o elas:<\/p>\n\n\n\n<ol class=\"wp-block-list\" type=\"1\" start=\"1\">\n<li>Em entrevista ao \u201cValor Econ\u00f4mico\u201d, o presidente Jo\u00e3o Fukunaga atribuiu a abertura de auditoria pelo Tribunal de Contas da Uni\u00e3o (TCU) a\u00a0\u201cum movimento pol\u00edtico que busca atacar sua gest\u00e3o\u201d, segundo o jornal. Por que o presidente fez essa afirma\u00e7\u00e3o? Quem est\u00e1 \u00e0 frente desse movimento pol\u00edtico? O ministro Walton Alencar (relator do processo no TCU) faz parte desse movimento? Os ministros do TCU? A unidade t\u00e9cnica do tribunal? O presidente coloca em d\u00favida o car\u00e1ter t\u00e9cnico da auditoria?<\/li>\n\n\n\n<li>Por que houve perdas de R$ 14 bilh\u00f5es em 2024?<\/li>\n\n\n\n<li>Para evitar essas perdas, a Previ n\u00e3o constituiu travas ou mecanismos de prote\u00e7\u00e3o para os investimentos de seus benefici\u00e1rios?<\/li>\n\n\n\n<li>Uma das raz\u00f5es para a perda de R$ 14 bilh\u00f5es foi a concentra\u00e7\u00e3o da carteira em a\u00e7\u00f5es da Vale. E um dos motivos para a queda das a\u00e7\u00f5es da Vale, em 2024, foi a informa\u00e7\u00e3o de que o governo estaria avaliando a&nbsp;<a href=\"https:\/\/www.cnnbrasil.com.br\/politica\/governo-aumenta-ofensiva-por-mantega-no-comando-da-vale\/\">indica\u00e7\u00e3o do ex-ministro Guido Mantega para um cargo estrat\u00e9gico na mineradora<\/a>. Por que a Previ (que \u00e9 acionista da Vale) nunca se posicionou a respeito?<\/li>\n\n\n\n<li>Apesar da queda na Selic, ao longo de boa parte de 2024, as taxas de juros continuaram acima de 5-6% em termos reais. Por que a Previ concentrou seu portf\u00f3lio t\u00e3o fortemente em renda vari\u00e1vel quando a renda fixa teria garantido um retorno t\u00e3o alto?<\/li>\n<\/ol>\n\n\n\n<p>N\u00e3o houve retorno para&nbsp;esse pedido.<\/p>\n\n\n\n<p>J\u00e1 sobre as&nbsp;declara\u00e7\u00f5es&nbsp;do deputado Jorge Goetten (Republicanos-SC), a Previ encaminhou a seguinte nota para a&nbsp;CNN:<\/p>\n\n\n\n<p><em>O Tribunal de Contas da Uni\u00e3o decidiu em agosto de 2024 que a indica\u00e7\u00e3o de Jo\u00e3o Fukunaga ao cargo de presidente da Previ obedeceu \u00e0s regras para exerc\u00edcio do cargo. O relator do processo, ministro Walton Alencar, declarou que \u201cn\u00e3o foi poss\u00edvel comprovar que os requisitos exigidos para a nomea\u00e7\u00e3o n\u00e3o tenham sido minimamente respeitados\u201d.<\/em><\/p>\n\n\n\n<p><em>Jo\u00e3o Fukunaga foi indicado como presidente da Previ pelo patrocinador, o Banco do Brasil, em fevereiro de 2023. O processo foi realizado respeitando os ritos de governan\u00e7a, com decis\u00f5es colegiadas tanto do Banco do Brasil quanto da Previ, e atendendo \u00e0s exig\u00eancias previstas nos processos de elegibilidade de ambas as institui\u00e7\u00f5es.<\/em><\/p>\n\n\n\n<p><em>Os planos da Previ continuam em equil\u00edbrio, mesmo com a volatilidade de 2024. At\u00e9 novembro, o resultado acumulado foi superavit\u00e1rio em R$ 528 milh\u00f5es. A Previ permanece s\u00f3lida, pagando mais de R$ 16 bilh\u00f5es em benef\u00edcios por ano, sem risco de contribui\u00e7\u00f5es extraordin\u00e1rias pelos associados ou pelo Banco do Brasil. Em 120 anos de hist\u00f3ria, nunca recorremos a planos de equacionamento. Continuamos a gerir os investimentos com responsabilidade, cuidando do futuro dos nossos 200 mil associados.&nbsp;<\/em><\/p>\n\n\n\n<p><em>Fonte: CNN<\/em><\/p>\n","protected":false},"excerpt":{"rendered":"<p>Jorge Goetten afirma que Jo\u00e3o Fukunaga \u00e9 \u201cdespreparado\u201d e \u201csem as compet\u00eancias necess\u00e1rias para gerir\u201d<\/p>\n","protected":false},"author":2,"featured_media":68897,"comment_status":"open","ping_status":"open","sticky":false,"template":"","format":"standard","meta":{"om_disable_all_campaigns":false,"_monsterinsights_skip_tracking":false,"_monsterinsights_sitenote_active":false,"_monsterinsights_sitenote_note":"","_monsterinsights_sitenote_category":0,"footnotes":""},"categories":[34,70,69],"tags":[100,71,48,75,4178,4180,1209,129,107,4181,132,230,7777,7778,106,203,120,51,7775,109,88,47,7776,111,190],"class_list":["post-68902","post","type-post","status-publish","format-standard","has-post-thumbnail","hentry","category-brasil","category-destaques","category-noticias2","tag-adustina","tag-antas","tag-araci","tag-cicero-dantas","tag-cipo-2","tag-crisopolis-2","tag-deputado","tag-euclides-da-cunha","tag-fatima","tag-heliopolis-2","tag-itapicuru","tag-jeremoabo","tag-joao-fukunaga","tag-jorge-goetten","tag-nova-soure","tag-novo-triunfo","tag-olindina","tag-paripiranga","tag-previ","tag-quijingue","tag-ribeira-do-amparo","tag-ribeira-do-pombal","tag-rombo","tag-sitio-do-quinto","tag-tucano"],"aioseo_notices":[],"_links":{"self":[{"href":"https:\/\/www.portalalerta.com.br\/index.php\/wp-json\/wp\/v2\/posts\/68902","targetHints":{"allow":["GET"]}}],"collection":[{"href":"https:\/\/www.portalalerta.com.br\/index.php\/wp-json\/wp\/v2\/posts"}],"about":[{"href":"https:\/\/www.portalalerta.com.br\/index.php\/wp-json\/wp\/v2\/types\/post"}],"author":[{"embeddable":true,"href":"https:\/\/www.portalalerta.com.br\/index.php\/wp-json\/wp\/v2\/users\/2"}],"replies":[{"embeddable":true,"href":"https:\/\/www.portalalerta.com.br\/index.php\/wp-json\/wp\/v2\/comments?post=68902"}],"version-history":[{"count":3,"href":"https:\/\/www.portalalerta.com.br\/index.php\/wp-json\/wp\/v2\/posts\/68902\/revisions"}],"predecessor-version":[{"id":68948,"href":"https:\/\/www.portalalerta.com.br\/index.php\/wp-json\/wp\/v2\/posts\/68902\/revisions\/68948"}],"wp:featuredmedia":[{"embeddable":true,"href":"https:\/\/www.portalalerta.com.br\/index.php\/wp-json\/wp\/v2\/media\/68897"}],"wp:attachment":[{"href":"https:\/\/www.portalalerta.com.br\/index.php\/wp-json\/wp\/v2\/media?parent=68902"}],"wp:term":[{"taxonomy":"category","embeddable":true,"href":"https:\/\/www.portalalerta.com.br\/index.php\/wp-json\/wp\/v2\/categories?post=68902"},{"taxonomy":"post_tag","embeddable":true,"href":"https:\/\/www.portalalerta.com.br\/index.php\/wp-json\/wp\/v2\/tags?post=68902"}],"curies":[{"name":"wp","href":"https:\/\/api.w.org\/{rel}","templated":true}]}}