{"id":69218,"date":"2025-02-18T13:56:21","date_gmt":"2025-02-18T16:56:21","guid":{"rendered":"https:\/\/www.portalalerta.com.br\/?p=69218"},"modified":"2025-02-18T13:56:23","modified_gmt":"2025-02-18T16:56:23","slug":"inflacao-entre-4-e-5-e-relativamente-normal-diz-haddad","status":"publish","type":"post","link":"https:\/\/www.portalalerta.com.br\/index.php\/2025\/02\/18\/inflacao-entre-4-e-5-e-relativamente-normal-diz-haddad\/","title":{"rendered":"Infla\u00e7\u00e3o entre 4% e 5% \u00e9 relativamente normal, diz Haddad"},"content":{"rendered":"\n<p>Ministro participou de confer\u00eancia do FMI na Ar\u00e1bia Saudita<\/p>\n\n\n\n<!--more-->\n\n\n\n<p>O atual n\u00edvel de infla\u00e7\u00e3o do Brasil est\u00e1 relativamente dentro da normalidade para o Plano Real, disse nesta segunda-feira (17) o ministro da Fazenda, Fernando Haddad. Em confer\u00eancia do Fundo Monet\u00e1rio Internacional (FMI) na Ar\u00e1bia Saudita, o ministro avaliou que o Brasil deixou para tr\u00e1s o per\u00edodo em que a infla\u00e7\u00e3o estava em torno de dois d\u00edgitos.<\/p>\n\n\n<div class=\"wp-block-image\">\n<figure class=\"alignleft size-large is-resized\"><img fetchpriority=\"high\" decoding=\"async\" src=\"https:\/\/www.portalalerta.com.br\/wp-content\/uploads\/2024\/04\/autoescola-emprego-1024x1024.jpg\" alt=\"\" class=\"wp-image-55693\" width=\"403\" height=\"403\" srcset=\"https:\/\/www.portalalerta.com.br\/wp-content\/uploads\/2024\/04\/autoescola-emprego-1024x1024.jpg 1024w, https:\/\/www.portalalerta.com.br\/wp-content\/uploads\/2024\/04\/autoescola-emprego-240x240.jpg 240w, https:\/\/www.portalalerta.com.br\/wp-content\/uploads\/2024\/04\/autoescola-emprego-768x768.jpg 768w, https:\/\/www.portalalerta.com.br\/wp-content\/uploads\/2024\/04\/autoescola-emprego.jpg 1080w\" sizes=\"(max-width: 403px) 100vw, 403px\" \/><\/figure><\/div>\n\n\n<p>\u201cO Brasil tem feito um trabalho, tentando encontrar um caminho de equil\u00edbrio e sustentabilidade, mesmo em fase de um ajuste importante. O Brasil deixou uma infla\u00e7\u00e3o de dois d\u00edgitos h\u00e1 tr\u00eas anos. Hoje, temos uma infla\u00e7\u00e3o em torno de 4% a 5%, que \u00e9 uma infla\u00e7\u00e3o relativamente normal para o Brasil desde o Plano Real, h\u00e1 26 anos\u201d, declarou o ministro no painel \u201cUm caminho para a resili\u00eancia dos mercados emergentes\u201d.<\/p>\n\n\n\n<p>Apesar de estar em um d\u00edgito, a infla\u00e7\u00e3o estourou o teto da meta em 2024 e deve fazer o mesmo neste ano, de acordo com o mercado financeiro. Segundo o boletim Focus, pesquisa semanal do Banco Central (BC) com institui\u00e7\u00f5es financeiras, a infla\u00e7\u00e3o oficial pelo \u00cdndice Nacional de Pre\u00e7os ao Consumidor Amplo (IPCA)&nbsp;<a href=\"https:\/\/agenciabrasil.ebc.com.br\/economia\/noticia\/2025-02\/mercado-financeiro-eleva-previsao-da-inflacao-pela-18a-semana-seguida\"><strong>deve encerrar 2025<\/strong><\/a>&nbsp;em 5,6%, mais de um ponto percentual acima do teto da meta, de 4,5%.<\/p>\n\n\n\n<p>No ano passado, o IPCA ficou em 4,83%, tamb\u00e9m acima do teto de 4,5%. Com base na legisla\u00e7\u00e3o, o BC enviou uma carta em que&nbsp;<a href=\"https:\/\/agenciabrasil.ebc.com.br\/economia\/noticia\/2025-01\/bc-dolar-e-economia-aquecida-explicam-maior-parte-da-alta-da-inflacao\"><strong>justificou o estouro da meta<\/strong><\/a>&nbsp;com base na alta do d\u00f3lar, problemas clim\u00e1ticos e aquecimento da economia.<\/p>\n\n\n\n<p>Pelo sistema de metas cont\u00ednuas de infla\u00e7\u00e3o, a cada seis meses, o BC&nbsp;<a href=\"https:\/\/agenciabrasil.ebc.com.br\/economia\/noticia\/2024-06\/bc-descumprira-meta-se-inflacao-ficar-fora-do-alvo-por-seis-meses\"><strong>ter\u00e1 de enviar uma carta<\/strong><\/a>&nbsp;caso a infla\u00e7\u00e3o em 12 meses supere a meta de 3%, com margem de toler\u00e2ncia de 1,5 ponto para cima ou para baixo.<\/p>\n\n\n\n<p>No encontro do FMI, que ocorre na cidade saudita de Al-Ula, Haddad reafirmou as justificativas da carta do BC. O ministro atribuiu o repique inflacion\u00e1rio \u00e0 alta do d\u00f3lar em todo o planeta no segundo semestre do ano passado, per\u00edodo marcado pelas elei\u00e7\u00f5es presidenciais norte-americanas.<\/p>\n\n\n\n<p>\u201cPor volta de 12 a 30 anos, a infla\u00e7\u00e3o se manteve abaixo dos 5%, o que acontece neste momento. Com o fortalecimento do d\u00f3lar pelo mundo, acabou fazendo com que n\u00f3s tiv\u00e9ssemos um repique inflacion\u00e1rio no segundo semestre do ano passado; por isso, o Banco Central teve de intervir [com altas de juros] para garantir que a infla\u00e7\u00e3o fosse controlada\u201d, justificou Haddad.<\/p>\n\n\n\n<p><strong>C\u00e2mbio<\/strong><\/p>\n\n\n\n<p>Com a valoriza\u00e7\u00e3o do real nas \u00faltimas semanas, afirmou o ministro, os pre\u00e7os devem se estabilizar. \u201cO aumento das taxas ser\u00e1 no curto prazo. O d\u00f3lar voltou a um n\u00edvel adequado e caiu 10% nos \u00faltimos 60 dias. Eu acho que isso vai fazer com que a infla\u00e7\u00e3o se estabilize\u201d, destacou.<\/p>\n\n\n\n<p>Atualmente em 13,25% ao ano, a Taxa Selic dever\u00e1 subir para 14,25% na reuni\u00e3o de mar\u00e7o do Comit\u00ea de Pol\u00edtica Monet\u00e1ria (Copom) do Banco Central, como&nbsp;<a href=\"https:\/\/agenciabrasil.ebc.com.br\/economia\/noticia\/2025-02\/copom-aponta-para-aumento-da-selic-em-1-ponto-em-marco\"><strong>informou a pr\u00f3pria institui\u00e7\u00e3o<\/strong><\/a>&nbsp;financeira no in\u00edcio do m\u00eas.<\/p>\n\n\n\n<p><strong>G20<\/strong><\/p>\n\n\n\n<p>Haddad destacou a reforma tribut\u00e1ria sobre o consumo, regulamentada no fim do ano passado e que dever\u00e1 gerar crescimento econ\u00f4mico nos pr\u00f3ximos anos. Segundo o ministro, o Brasil trabalha para ter equil\u00edbrio e sustentabilidade, mesmo em meio a um ajuste fiscal importante e com fortes incertezas externas.<\/p>\n\n\n\n<p>O ministro relembrou a presid\u00eancia do Brasil no G20 (grupo das 19 maiores economias do planeta, mais Uni\u00e3o Europeia e Uni\u00e3o Africana). Segundo Haddad, o Brasil deixou um legado de busca pela reglobaliza\u00e7\u00e3o sustent\u00e1vel, capaz de conciliar interesses de mercado, combate \u00e0s desigualdades e transi\u00e7\u00e3o para fontes de energia limpas.<\/p>\n\n\n\n<p>Mediadora do debate, a diretora-gerente do FMI, Kristalina Georgieva, defendeu a capacidade de as economias se adaptarem a choques globais, que aumentaram nos \u00faltimos anos com incidentes como a pandemia de Covid-19 e a intensifica\u00e7\u00e3o das mudan\u00e7as clim\u00e1ticas. Segundo ela, as economias emergentes devem pautar-se na \u201cresili\u00eancia\u201d, antecipando-se e absorvendo parte dos efeitos da geopol\u00edtica e das crises externas.<\/p>\n\n\n\n<p><em>Fonte: ag\u00eancia Brasil<\/em><\/p>\n","protected":false},"excerpt":{"rendered":"<p>Ministro participou de confer\u00eancia do FMI na Ar\u00e1bia Saudita<\/p>\n","protected":false},"author":2,"featured_media":56233,"comment_status":"open","ping_status":"open","sticky":false,"template":"","format":"standard","meta":{"om_disable_all_campaigns":false,"_monsterinsights_skip_tracking":false,"_monsterinsights_sitenote_active":false,"_monsterinsights_sitenote_note":"","_monsterinsights_sitenote_category":0,"footnotes":""},"categories":[34,70,69,21],"tags":[100,71,48,93,75,4178,4180,129,107,405,4181,359,132,230,7042,106,203,120,51,109,88,47,111,190],"class_list":["post-69218","post","type-post","status-publish","format-standard","has-post-thumbnail","hentry","category-brasil","category-destaques","category-noticias2","category-politica","tag-adustina","tag-antas","tag-araci","tag-brasil","tag-cicero-dantas","tag-cipo-2","tag-crisopolis-2","tag-euclides-da-cunha","tag-fatima","tag-fernando-haddad","tag-heliopolis-2","tag-inflacao","tag-itapicuru","tag-jeremoabo","tag-ministro-da-fazenda","tag-nova-soure","tag-novo-triunfo","tag-olindina","tag-paripiranga","tag-quijingue","tag-ribeira-do-amparo","tag-ribeira-do-pombal","tag-sitio-do-quinto","tag-tucano"],"aioseo_notices":[],"_links":{"self":[{"href":"https:\/\/www.portalalerta.com.br\/index.php\/wp-json\/wp\/v2\/posts\/69218","targetHints":{"allow":["GET"]}}],"collection":[{"href":"https:\/\/www.portalalerta.com.br\/index.php\/wp-json\/wp\/v2\/posts"}],"about":[{"href":"https:\/\/www.portalalerta.com.br\/index.php\/wp-json\/wp\/v2\/types\/post"}],"author":[{"embeddable":true,"href":"https:\/\/www.portalalerta.com.br\/index.php\/wp-json\/wp\/v2\/users\/2"}],"replies":[{"embeddable":true,"href":"https:\/\/www.portalalerta.com.br\/index.php\/wp-json\/wp\/v2\/comments?post=69218"}],"version-history":[{"count":1,"href":"https:\/\/www.portalalerta.com.br\/index.php\/wp-json\/wp\/v2\/posts\/69218\/revisions"}],"predecessor-version":[{"id":69220,"href":"https:\/\/www.portalalerta.com.br\/index.php\/wp-json\/wp\/v2\/posts\/69218\/revisions\/69220"}],"wp:featuredmedia":[{"embeddable":true,"href":"https:\/\/www.portalalerta.com.br\/index.php\/wp-json\/wp\/v2\/media\/56233"}],"wp:attachment":[{"href":"https:\/\/www.portalalerta.com.br\/index.php\/wp-json\/wp\/v2\/media?parent=69218"}],"wp:term":[{"taxonomy":"category","embeddable":true,"href":"https:\/\/www.portalalerta.com.br\/index.php\/wp-json\/wp\/v2\/categories?post=69218"},{"taxonomy":"post_tag","embeddable":true,"href":"https:\/\/www.portalalerta.com.br\/index.php\/wp-json\/wp\/v2\/tags?post=69218"}],"curies":[{"name":"wp","href":"https:\/\/api.w.org\/{rel}","templated":true}]}}