{"id":69270,"date":"2025-02-19T13:00:33","date_gmt":"2025-02-19T16:00:33","guid":{"rendered":"https:\/\/www.portalalerta.com.br\/?p=69270"},"modified":"2025-02-19T13:00:34","modified_gmt":"2025-02-19T16:00:34","slug":"direita-pombalense-realizara-manifestacao-fora-lula-em-ribeira-do-pombal-ba","status":"publish","type":"post","link":"https:\/\/www.portalalerta.com.br\/index.php\/2025\/02\/19\/direita-pombalense-realizara-manifestacao-fora-lula-em-ribeira-do-pombal-ba\/","title":{"rendered":"Direita Pombalense realizar\u00e1 manifesta\u00e7\u00e3o \u201cFora Lula\u201d, em Ribeira do Pombal-BA"},"content":{"rendered":"\n<p>A Direita Pombalense anunciou nesta ter\u00e7a-feira (18), que ir\u00e1 realizar uma manifesta\u00e7\u00e3o no dia 16 de mar\u00e7o do corrente ano, em Ribeira do Pombal-BA.<\/p>\n\n\n\n<!--more-->\n\n\n\n<p>Denominada como \u201cFORA LULA\u201d a manifesta\u00e7\u00e3o dever\u00e1 ser realizada em todo o pa\u00eds, com o objetivo de ecoar em todas as capitais do pa\u00eds. No in\u00edcio da semana, o ex-presidente da Rep\u00fablica, Jair Bolsonaro, gravou um v\u00eddeo convocando os brasileiros a participarem dos eventos, ao tempo em que confirmou presen\u00e7a no Rio de Janeiro.<\/p>\n\n\n\n<p>Al\u00e9m do FORA LULA, a manifesta\u00e7\u00e3o pede anistia aos condenados pelos atos de 8 de janeiro de 2023.<\/p>\n\n\n\n<p>Em Ribeira do Pombal, a manifesta\u00e7\u00e3o est\u00e1 prevista para iniciar \u00e0s 16h com concentra\u00e7\u00e3o no Terminal Rodovi\u00e1rio da cidade, percorrendo as principais ruas em passeata, motocada e carreata.<\/p>\n\n\n\n<p><em>Reda\u00e7\u00e3o: Portal Alerta<\/em><\/p>\n","protected":false},"excerpt":{"rendered":"<p>A Direita Pombalense anunciou nesta ter\u00e7a-feira (18), que ir\u00e1 realizar uma manifesta\u00e7\u00e3o no dia 16 de mar\u00e7o do corrente ano, em Ribeira do Pombal-BA.<\/p>\n","protected":false},"author":2,"featured_media":69269,"comment_status":"open","ping_status":"open","sticky":false,"template":"","format":"standard","meta":{"om_disable_all_campaigns":false,"_monsterinsights_skip_tracking":false,"_monsterinsights_sitenote_active":false,"_monsterinsights_sitenote_note":"","_monsterinsights_sitenote_category":0,"footnotes":""},"categories":[70,69,21,32,3],"tags":[100,71,48,75,4178,4180,129,107,5889,4181,132,230,475,106,203,120,51,199,109,88,47,111,190],"class_list":["post-69270","post","type-post","status-publish","format-standard","has-post-thumbnail","hentry","category-destaques","category-noticias2","category-politica","category-regiao","category-ribeira-do-pombal","tag-adustina","tag-antas","tag-araci","tag-cicero-dantas","tag-cipo-2","tag-crisopolis-2","tag-euclides-da-cunha","tag-fatima","tag-fora-lula","tag-heliopolis-2","tag-itapicuru","tag-jeremoabo","tag-manifestacao","tag-nova-soure","tag-novo-triunfo","tag-olindina","tag-paripiranga","tag-politica","tag-quijingue","tag-ribeira-do-amparo","tag-ribeira-do-pombal","tag-sitio-do-quinto","tag-tucano"],"aioseo_notices":[],"_links":{"self":[{"href":"https:\/\/www.portalalerta.com.br\/index.php\/wp-json\/wp\/v2\/posts\/69270","targetHints":{"allow":["GET"]}}],"collection":[{"href":"https:\/\/www.portalalerta.com.br\/index.php\/wp-json\/wp\/v2\/posts"}],"about":[{"href":"https:\/\/www.portalalerta.com.br\/index.php\/wp-json\/wp\/v2\/types\/post"}],"author":[{"embeddable":true,"href":"https:\/\/www.portalalerta.com.br\/index.php\/wp-json\/wp\/v2\/users\/2"}],"replies":[{"embeddable":true,"href":"https:\/\/www.portalalerta.com.br\/index.php\/wp-json\/wp\/v2\/comments?post=69270"}],"version-history":[{"count":1,"href":"https:\/\/www.portalalerta.com.br\/index.php\/wp-json\/wp\/v2\/posts\/69270\/revisions"}],"predecessor-version":[{"id":69271,"href":"https:\/\/www.portalalerta.com.br\/index.php\/wp-json\/wp\/v2\/posts\/69270\/revisions\/69271"}],"wp:featuredmedia":[{"embeddable":true,"href":"https:\/\/www.portalalerta.com.br\/index.php\/wp-json\/wp\/v2\/media\/69269"}],"wp:attachment":[{"href":"https:\/\/www.portalalerta.com.br\/index.php\/wp-json\/wp\/v2\/media?parent=69270"}],"wp:term":[{"taxonomy":"category","embeddable":true,"href":"https:\/\/www.portalalerta.com.br\/index.php\/wp-json\/wp\/v2\/categories?post=69270"},{"taxonomy":"post_tag","embeddable":true,"href":"https:\/\/www.portalalerta.com.br\/index.php\/wp-json\/wp\/v2\/tags?post=69270"}],"curies":[{"name":"wp","href":"https:\/\/api.w.org\/{rel}","templated":true}]}}