{"id":69272,"date":"2025-02-19T13:03:26","date_gmt":"2025-02-19T16:03:26","guid":{"rendered":"https:\/\/www.portalalerta.com.br\/?p=69272"},"modified":"2025-02-19T13:03:27","modified_gmt":"2025-02-19T16:03:27","slug":"paulo-maluf-e-condenado-a-pagar-r-417-mi-e-tem-19-imoveis-penhorados","status":"publish","type":"post","link":"https:\/\/www.portalalerta.com.br\/index.php\/2025\/02\/19\/paulo-maluf-e-condenado-a-pagar-r-417-mi-e-tem-19-imoveis-penhorados\/","title":{"rendered":"Paulo Maluf \u00e9 condenado a pagar R$ 417 mi e tem 19 im\u00f3veis penhorados"},"content":{"rendered":"\n<p>Justi\u00e7a atendeu a uma a\u00e7\u00e3o popular movida h\u00e1 32 anos pelo ent\u00e3o vereador Maur\u00edcio Faria (PT)<\/p>\n\n\n\n<!--more-->\n\n\n\n<p>A Justi\u00e7a de S\u00e3o Paulo determinou a penhora de 19 im\u00f3veis do ex-prefeito de S\u00e3o Paulo, Paulo Maluf. O pol\u00edtico, de 93 anos, foi condenado a pagar uma d\u00edvida de mais de R$ 417 milh\u00f5es por uso de dinheiro p\u00fablico para publicidade pessoal, durante a sua gest\u00e3o, em 1993.<\/p>\n\n\n<div class=\"wp-block-image\">\n<figure class=\"alignleft size-large is-resized\"><img fetchpriority=\"high\" decoding=\"async\" src=\"https:\/\/www.portalalerta.com.br\/wp-content\/uploads\/2024\/04\/autoescola-emprego-1024x1024.jpg\" alt=\"\" class=\"wp-image-55693\" width=\"404\" height=\"404\" srcset=\"https:\/\/www.portalalerta.com.br\/wp-content\/uploads\/2024\/04\/autoescola-emprego-1024x1024.jpg 1024w, https:\/\/www.portalalerta.com.br\/wp-content\/uploads\/2024\/04\/autoescola-emprego-240x240.jpg 240w, https:\/\/www.portalalerta.com.br\/wp-content\/uploads\/2024\/04\/autoescola-emprego-768x768.jpg 768w, https:\/\/www.portalalerta.com.br\/wp-content\/uploads\/2024\/04\/autoescola-emprego.jpg 1080w\" sizes=\"(max-width: 404px) 100vw, 404px\" \/><\/figure><\/div>\n\n\n<p>O Tribunal de Justi\u00e7a de S\u00e3o Paulo (TJSP) atendeu a uma a\u00e7\u00e3o popular movida h\u00e1 32 anos pelo ent\u00e3o vereador Maur\u00edcio Faria (PT).<\/p>\n\n\n\n<p>Na \u00e9poca, durante a campanha eleitoral de 1992, que concorreu tentando reconquistar o cargo de prefeito \u2013 que j\u00e1 tinha ocupado anteriormente, em 1969 \u2013 Maluf utilizou a imagem de um trevo de quatro folhas em formato de cora\u00e7\u00f5es.<\/p>\n\n\n\n<p>Depois de ter sido eleito, utilizou desse mesmo s\u00edmbolo, s\u00f3 que como imagem da gest\u00e3o \u00e0 frente da Prefeitura. A Justi\u00e7a de S\u00e3o Paulo entendeu que houve uma tentativa de publicidade pessoal.<\/p>\n\n\n\n<p>Maluf foi condenado a devolver aos cofres p\u00fablicos do Munic\u00edpio de S\u00e3o Paulo o valor de R$ 417.103.110,96, por decis\u00e3o do juiz Fausto Jos\u00e9 Martins Seabra, da 3\u00aa Vara de Fazenda P\u00fablica de S\u00e3o Paulo, em 14 de fevereiro deste ano. Ainda cabe recurso.<\/p>\n\n\n\n<p>A quantia, no entanto, pode aumentar, segundo o 3\u00ba Of\u00edcio da Fazenda P\u00fablica, visto que pode haver novas determina\u00e7\u00f5es de penhora.<\/p>\n\n\n\n<p>Entre os bens do ex-prefeito, est\u00e1 uma mans\u00e3o no Guaruj\u00e1, litoral sul de S\u00e3o Paulo. A resid\u00eancia \u00e9 avaliada em mais de R$ 2,7 milh\u00f5es.<\/p>\n\n\n\n<p>A&nbsp;CNN&nbsp;procurou Paulo Maluf para se manifestar sobre o caso, mas at\u00e9 a publica\u00e7\u00e3o desta mat\u00e9ria, n\u00e3o houve resposta. O espa\u00e7o segue aberto.<\/p>\n\n\n\n<p><em>Fonte: CNN<\/em><\/p>\n","protected":false},"excerpt":{"rendered":"<p>Justi\u00e7a atendeu a uma a\u00e7\u00e3o popular movida h\u00e1 32 anos pelo ent\u00e3o vereador Maur\u00edcio Faria (PT)<\/p>\n","protected":false},"author":2,"featured_media":6060,"comment_status":"open","ping_status":"open","sticky":false,"template":"","format":"standard","meta":{"om_disable_all_campaigns":false,"_monsterinsights_skip_tracking":false,"_monsterinsights_sitenote_active":false,"_monsterinsights_sitenote_note":"","_monsterinsights_sitenote_category":0,"footnotes":""},"categories":[34,70,69,21],"tags":[100,71,48,75,4178,316,4180,129,107,4181,132,230,106,203,120,51,347,4224,109,88,47,404,111,190],"class_list":["post-69272","post","type-post","status-publish","format-standard","has-post-thumbnail","hentry","category-brasil","category-destaques","category-noticias2","category-politica","tag-adustina","tag-antas","tag-araci","tag-cicero-dantas","tag-cipo-2","tag-condenacao","tag-crisopolis-2","tag-euclides-da-cunha","tag-fatima","tag-heliopolis-2","tag-itapicuru","tag-jeremoabo","tag-nova-soure","tag-novo-triunfo","tag-olindina","tag-paripiranga","tag-paulo-maluf","tag-penhora","tag-quijingue","tag-ribeira-do-amparo","tag-ribeira-do-pombal","tag-sao-paulo","tag-sitio-do-quinto","tag-tucano"],"aioseo_notices":[],"_links":{"self":[{"href":"https:\/\/www.portalalerta.com.br\/index.php\/wp-json\/wp\/v2\/posts\/69272","targetHints":{"allow":["GET"]}}],"collection":[{"href":"https:\/\/www.portalalerta.com.br\/index.php\/wp-json\/wp\/v2\/posts"}],"about":[{"href":"https:\/\/www.portalalerta.com.br\/index.php\/wp-json\/wp\/v2\/types\/post"}],"author":[{"embeddable":true,"href":"https:\/\/www.portalalerta.com.br\/index.php\/wp-json\/wp\/v2\/users\/2"}],"replies":[{"embeddable":true,"href":"https:\/\/www.portalalerta.com.br\/index.php\/wp-json\/wp\/v2\/comments?post=69272"}],"version-history":[{"count":1,"href":"https:\/\/www.portalalerta.com.br\/index.php\/wp-json\/wp\/v2\/posts\/69272\/revisions"}],"predecessor-version":[{"id":69273,"href":"https:\/\/www.portalalerta.com.br\/index.php\/wp-json\/wp\/v2\/posts\/69272\/revisions\/69273"}],"wp:featuredmedia":[{"embeddable":true,"href":"https:\/\/www.portalalerta.com.br\/index.php\/wp-json\/wp\/v2\/media\/6060"}],"wp:attachment":[{"href":"https:\/\/www.portalalerta.com.br\/index.php\/wp-json\/wp\/v2\/media?parent=69272"}],"wp:term":[{"taxonomy":"category","embeddable":true,"href":"https:\/\/www.portalalerta.com.br\/index.php\/wp-json\/wp\/v2\/categories?post=69272"},{"taxonomy":"post_tag","embeddable":true,"href":"https:\/\/www.portalalerta.com.br\/index.php\/wp-json\/wp\/v2\/tags?post=69272"}],"curies":[{"name":"wp","href":"https:\/\/api.w.org\/{rel}","templated":true}]}}