{"id":69274,"date":"2025-02-19T13:05:16","date_gmt":"2025-02-19T16:05:16","guid":{"rendered":"https:\/\/www.portalalerta.com.br\/?p=69274"},"modified":"2025-02-19T13:05:18","modified_gmt":"2025-02-19T16:05:18","slug":"criminoso-acusado-de-roubo-em-adustina-ba-e-preso-em-fatima-ba","status":"publish","type":"post","link":"https:\/\/www.portalalerta.com.br\/index.php\/2025\/02\/19\/criminoso-acusado-de-roubo-em-adustina-ba-e-preso-em-fatima-ba\/","title":{"rendered":"Criminoso acusado de roubo em Adustina-BA, \u00e9 preso em F\u00e1tima-BA"},"content":{"rendered":"\n<p>No final da manh\u00e3 da \u00faltima segunda-feira (17), policiais militares do 4\u00ba Pelot\u00e3o\/ Adustina-BA, em a\u00e7\u00e3o conjunta com militares do Servi\u00e7o de Intelig\u00eancia da 21\u00aa CIPM, cumpriram um mandado de pris\u00e3o, em desfavor de um homem acusado do crime de roubo.<\/p>\n\n\n\n<!--more-->\n\n\n<div class=\"wp-block-image\">\n<figure class=\"alignleft size-full\"><img fetchpriority=\"high\" decoding=\"async\" width=\"400\" height=\"500\" src=\"https:\/\/www.portalalerta.com.br\/wp-content\/uploads\/2025\/01\/Liquida-Verao-Real-2025.jpg\" alt=\"\" class=\"wp-image-68486\" srcset=\"https:\/\/www.portalalerta.com.br\/wp-content\/uploads\/2025\/01\/Liquida-Verao-Real-2025.jpg 400w, https:\/\/www.portalalerta.com.br\/wp-content\/uploads\/2025\/01\/Liquida-Verao-Real-2025-192x240.jpg 192w\" sizes=\"(max-width: 400px) 100vw, 400px\" \/><\/figure><\/div>\n\n\n<p>A pris\u00e3o aconteceu numa resid\u00eancia situada \u00e0 rua Raimundo Oleiro, centro de F\u00e1tima-BA, onde o homem identificado pelas iniciais E.S.S, 26 anos, foi capturado e preso, em cumprimento a um mandado de pris\u00e3o lavrado pela Comarca de Paripiranga-BA, por um roubo ocorrido em Adustina.<\/p>\n\n\n\n<p>O criminoso foi apresentado na Delegacia de Pol\u00edcia Civil de F\u00e1tima, onde se encontra custodiado \u00e0 disposi\u00e7\u00e3o da justi\u00e7a.<\/p>\n\n\n\n<p><em>Reda\u00e7\u00e3o: Portal Alerta<\/em><\/p>\n","protected":false},"excerpt":{"rendered":"<p>No final da manh\u00e3 da \u00faltima segunda-feira (17), policiais militares do 4\u00ba Pelot\u00e3o\/ Adustina-BA, em a\u00e7\u00e3o conjunta com militares do Servi\u00e7o de Intelig\u00eancia da 21\u00aa CIPM, cumpriram um mandado de pris\u00e3o, em desfavor de um homem acusado do crime de roubo.<\/p>\n","protected":false},"author":2,"featured_media":20567,"comment_status":"open","ping_status":"open","sticky":false,"template":"","format":"standard","meta":{"om_disable_all_campaigns":false,"_monsterinsights_skip_tracking":false,"_monsterinsights_sitenote_active":false,"_monsterinsights_sitenote_note":"","_monsterinsights_sitenote_category":0,"footnotes":""},"categories":[40,70,10,69,32,22],"tags":[100,71,48,75,4178,4180,129,107,4181,132,230,488,106,203,120,51,79,77,109,88,47,367,111,190],"class_list":["post-69274","post","type-post","status-publish","format-standard","has-post-thumbnail","hentry","category-adustina","category-destaques","category-fatima","category-noticias2","category-regiao","category-seguranca","tag-adustina","tag-antas","tag-araci","tag-cicero-dantas","tag-cipo-2","tag-crisopolis-2","tag-euclides-da-cunha","tag-fatima","tag-heliopolis-2","tag-itapicuru","tag-jeremoabo","tag-mandado-de-prisao","tag-nova-soure","tag-novo-triunfo","tag-olindina","tag-paripiranga","tag-policia-militar","tag-preso","tag-quijingue","tag-ribeira-do-amparo","tag-ribeira-do-pombal","tag-roubo","tag-sitio-do-quinto","tag-tucano"],"aioseo_notices":[],"_links":{"self":[{"href":"https:\/\/www.portalalerta.com.br\/index.php\/wp-json\/wp\/v2\/posts\/69274","targetHints":{"allow":["GET"]}}],"collection":[{"href":"https:\/\/www.portalalerta.com.br\/index.php\/wp-json\/wp\/v2\/posts"}],"about":[{"href":"https:\/\/www.portalalerta.com.br\/index.php\/wp-json\/wp\/v2\/types\/post"}],"author":[{"embeddable":true,"href":"https:\/\/www.portalalerta.com.br\/index.php\/wp-json\/wp\/v2\/users\/2"}],"replies":[{"embeddable":true,"href":"https:\/\/www.portalalerta.com.br\/index.php\/wp-json\/wp\/v2\/comments?post=69274"}],"version-history":[{"count":1,"href":"https:\/\/www.portalalerta.com.br\/index.php\/wp-json\/wp\/v2\/posts\/69274\/revisions"}],"predecessor-version":[{"id":69275,"href":"https:\/\/www.portalalerta.com.br\/index.php\/wp-json\/wp\/v2\/posts\/69274\/revisions\/69275"}],"wp:featuredmedia":[{"embeddable":true,"href":"https:\/\/www.portalalerta.com.br\/index.php\/wp-json\/wp\/v2\/media\/20567"}],"wp:attachment":[{"href":"https:\/\/www.portalalerta.com.br\/index.php\/wp-json\/wp\/v2\/media?parent=69274"}],"wp:term":[{"taxonomy":"category","embeddable":true,"href":"https:\/\/www.portalalerta.com.br\/index.php\/wp-json\/wp\/v2\/categories?post=69274"},{"taxonomy":"post_tag","embeddable":true,"href":"https:\/\/www.portalalerta.com.br\/index.php\/wp-json\/wp\/v2\/tags?post=69274"}],"curies":[{"name":"wp","href":"https:\/\/api.w.org\/{rel}","templated":true}]}}