{"id":69308,"date":"2025-02-20T16:16:12","date_gmt":"2025-02-20T19:16:12","guid":{"rendered":"https:\/\/www.portalalerta.com.br\/?p=69308"},"modified":"2025-02-20T16:16:13","modified_gmt":"2025-02-20T19:16:13","slug":"justica-decide-pela-liberdade-de-homem-preso-em-riachao-do-dantas-por-iniciar-relacionamento-com-esposa-quando-ela-tinha-13-anos","status":"publish","type":"post","link":"https:\/\/www.portalalerta.com.br\/index.php\/2025\/02\/20\/justica-decide-pela-liberdade-de-homem-preso-em-riachao-do-dantas-por-iniciar-relacionamento-com-esposa-quando-ela-tinha-13-anos\/","title":{"rendered":"Justi\u00e7a decide pela liberdade de homem preso em Riach\u00e3o do Dantas por iniciar relacionamento com esposa quando ela tinha 13 anos"},"content":{"rendered":"\n<p><strong>Segundo as investiga\u00e7\u00f5es, quando ele tinha 21 anos e ela 13, eles iniciaram o relacionamento.<\/strong><\/p>\n\n\n\n<!--more-->\n\n\n<div class=\"wp-block-image\">\n<figure class=\"alignleft size-large is-resized\"><img fetchpriority=\"high\" decoding=\"async\" src=\"https:\/\/www.portalalerta.com.br\/wp-content\/uploads\/2024\/04\/autoescola-emprego-1024x1024.jpg\" alt=\"\" class=\"wp-image-55693\" width=\"435\" height=\"435\" srcset=\"https:\/\/www.portalalerta.com.br\/wp-content\/uploads\/2024\/04\/autoescola-emprego-1024x1024.jpg 1024w, https:\/\/www.portalalerta.com.br\/wp-content\/uploads\/2024\/04\/autoescola-emprego-240x240.jpg 240w, https:\/\/www.portalalerta.com.br\/wp-content\/uploads\/2024\/04\/autoescola-emprego-768x768.jpg 768w, https:\/\/www.portalalerta.com.br\/wp-content\/uploads\/2024\/04\/autoescola-emprego.jpg 1080w\" sizes=\"(max-width: 435px) 100vw, 435px\" \/><\/figure><\/div>\n\n\n<p>O Tribunal de Justi\u00e7a de Sergipe decidiu pela liberdade do homem, de 26 anos, que foi preso em&nbsp;<a href=\"https:\/\/g1.globo.com\/se\/sergipe\/cidade\/riachao-do-dantas\/\">Riach\u00e3o do Dantas<\/a>&nbsp;<a href=\"https:\/\/g1.globo.com\/se\/sergipe\/noticia\/2025\/02\/13\/homem-e-preso-por-estupro-de-vulneravel-em-riachao-do-dantas.ghtml\">por ter iniciado o relacionamento com a esposa quando ela ainda tinha 13 anos<\/a>. A informa\u00e7\u00e3o foi divulgada pelo delegado Clever Farias nesta quarta-feira (19).<\/p>\n\n\n\n<p>Segundo as investiga\u00e7\u00f5es, quando ele tinha 21 anos e ela 13, eles iniciaram o relacionamento. Ano passado, quando ela fez 17 anos, eles oficializaram o casamento. Contudo, segundo o delegado Clever Farias, mesmo a rela\u00e7\u00e3o sendo consentida e sem nenhum ato violento, \u2018a lei n\u00e3o considera o consentimento da v\u00edtima como v\u00e1lido nesses casos\u2019 e o homem havia sido condenado a nove anos em regime fechado.<\/p>\n\n\n\n<p>O caso tomou as redes sociais e a pr\u00f3pria jovem contou o relato e pediu que o caso fosse revisto. \u2018Estamos construindo nossa casa, compramos uma moto h\u00e1 pouco tempo, est\u00e1vamos trabalhando e fomos pegos de surpresa\u2019, disse ela.<\/p>\n\n\n\n<p>De acordo com o delegado Clever Farias, o homem deve ser solto nas pr\u00f3ximas horas ap\u00f3s a determina\u00e7\u00e3o do relator da decis\u00e3o revisora, o desembargador Roberto Eug\u00eanio da Fonseca Porto.<\/p>\n\n\n\n<p><em>Fonte: G1<\/em><\/p>\n","protected":false},"excerpt":{"rendered":"<p>Segundo as investiga\u00e7\u00f5es, quando ele tinha 21 anos e ela 13, eles iniciaram o relacionamento.<\/p>\n","protected":false},"author":2,"featured_media":6597,"comment_status":"open","ping_status":"open","sticky":false,"template":"","format":"standard","meta":{"om_disable_all_campaigns":false,"_monsterinsights_skip_tracking":false,"_monsterinsights_sitenote_active":false,"_monsterinsights_sitenote_note":"","_monsterinsights_sitenote_category":0,"footnotes":""},"categories":[34,70,69,22],"tags":[100,71,48,93,75,4178,4180,438,129,107,4181,132,230,106,203,120,51,109,7815,88,47,114,111,7814,190],"class_list":["post-69308","post","type-post","status-publish","format-standard","has-post-thumbnail","hentry","category-brasil","category-destaques","category-noticias2","category-seguranca","tag-adustina","tag-antas","tag-araci","tag-brasil","tag-cicero-dantas","tag-cipo-2","tag-crisopolis-2","tag-estupro-de-vulneravel","tag-euclides-da-cunha","tag-fatima","tag-heliopolis-2","tag-itapicuru","tag-jeremoabo","tag-nova-soure","tag-novo-triunfo","tag-olindina","tag-paripiranga","tag-quijingue","tag-riachao-do-dantas","tag-ribeira-do-amparo","tag-ribeira-do-pombal","tag-sergipe","tag-sitio-do-quinto","tag-tjse","tag-tucano"],"aioseo_notices":[],"_links":{"self":[{"href":"https:\/\/www.portalalerta.com.br\/index.php\/wp-json\/wp\/v2\/posts\/69308","targetHints":{"allow":["GET"]}}],"collection":[{"href":"https:\/\/www.portalalerta.com.br\/index.php\/wp-json\/wp\/v2\/posts"}],"about":[{"href":"https:\/\/www.portalalerta.com.br\/index.php\/wp-json\/wp\/v2\/types\/post"}],"author":[{"embeddable":true,"href":"https:\/\/www.portalalerta.com.br\/index.php\/wp-json\/wp\/v2\/users\/2"}],"replies":[{"embeddable":true,"href":"https:\/\/www.portalalerta.com.br\/index.php\/wp-json\/wp\/v2\/comments?post=69308"}],"version-history":[{"count":1,"href":"https:\/\/www.portalalerta.com.br\/index.php\/wp-json\/wp\/v2\/posts\/69308\/revisions"}],"predecessor-version":[{"id":69309,"href":"https:\/\/www.portalalerta.com.br\/index.php\/wp-json\/wp\/v2\/posts\/69308\/revisions\/69309"}],"wp:featuredmedia":[{"embeddable":true,"href":"https:\/\/www.portalalerta.com.br\/index.php\/wp-json\/wp\/v2\/media\/6597"}],"wp:attachment":[{"href":"https:\/\/www.portalalerta.com.br\/index.php\/wp-json\/wp\/v2\/media?parent=69308"}],"wp:term":[{"taxonomy":"category","embeddable":true,"href":"https:\/\/www.portalalerta.com.br\/index.php\/wp-json\/wp\/v2\/categories?post=69308"},{"taxonomy":"post_tag","embeddable":true,"href":"https:\/\/www.portalalerta.com.br\/index.php\/wp-json\/wp\/v2\/tags?post=69308"}],"curies":[{"name":"wp","href":"https:\/\/api.w.org\/{rel}","templated":true}]}}