{"id":69324,"date":"2025-02-20T22:24:20","date_gmt":"2025-02-21T01:24:20","guid":{"rendered":"https:\/\/www.portalalerta.com.br\/?p=69324"},"modified":"2025-02-20T22:24:21","modified_gmt":"2025-02-21T01:24:21","slug":"papa-francisco-melhora-um-pouco-e-nao-tem-febre-diz-vaticano","status":"publish","type":"post","link":"https:\/\/www.portalalerta.com.br\/index.php\/2025\/02\/20\/papa-francisco-melhora-um-pouco-e-nao-tem-febre-diz-vaticano\/","title":{"rendered":"Papa Francisco melhora \u201cum pouco\u201d e n\u00e3o tem febre, diz Vaticano"},"content":{"rendered":"\n<p>Exames de sangue est\u00e3o est\u00e1veis<\/p>\n\n\n\n<!--more-->\n\n\n\n<p>O papa Francisco est\u00e1 melhorando um pouco e n\u00e3o tem febre, disse o Vaticano nesta quinta-feira (20). A Santa S\u00e9 tamb\u00e9m informou que os exames de sangue do pont\u00edfice est\u00e3o est\u00e1veis.<\/p>\n\n\n<div class=\"wp-block-image\">\n<figure class=\"alignleft size-full\"><img fetchpriority=\"high\" decoding=\"async\" width=\"400\" height=\"500\" src=\"https:\/\/www.portalalerta.com.br\/wp-content\/uploads\/2025\/01\/Liquida-Verao-Real-2025.jpg\" alt=\"\" class=\"wp-image-68486\" srcset=\"https:\/\/www.portalalerta.com.br\/wp-content\/uploads\/2025\/01\/Liquida-Verao-Real-2025.jpg 400w, https:\/\/www.portalalerta.com.br\/wp-content\/uploads\/2025\/01\/Liquida-Verao-Real-2025-192x240.jpg 192w\" sizes=\"(max-width: 400px) 100vw, 400px\" \/><\/figure><\/div>\n\n\n<p>O Vaticano acrescentou que Francisco se levantou, tomou caf\u00e9 da manh\u00e3 em uma poltrona no hospital e chegou a realizar \u201catividades de trabalho\u201d nesta quinta (20).<\/p>\n\n\n\n<p>Francisco est\u00e1 hospitalizado com pneumonia bilateral no hospital Gemelli de Roma, onde foi internado em 14 de fevereiro ap\u00f3s dificuldades respirat\u00f3rias.<\/p>\n\n\n\n<p>A&nbsp;<a href=\"https:\/\/www.cnnbrasil.com.br\/saude\/papa-francisco-entenda-o-que-e-pneumonia-bilateral\/\" target=\"_blank\" rel=\"noreferrer noopener\">pneumonia bilateral<\/a>&nbsp;\u00e9 uma infec\u00e7\u00e3o grave que afeta os dois pulm\u00f5es e dificulta a respira\u00e7\u00e3o. Quando era mais jovem, o l\u00edder religioso sofreu uma pneumonia grave e teve parte de um pulm\u00e3o removido.<\/p>\n\n\n\n<p>Cardeais expressaram esperan\u00e7a em rela\u00e7\u00e3o \u00e0 recupera\u00e7\u00e3o do papa, segundo a Reuters.<\/p>\n\n\n\n<p>Na quarta-feira (19),&nbsp;<a href=\"https:\/\/www.cnnbrasil.com.br\/internacional\/primeira-ministra-da-italia-visita-papa-francisco-no-hospital\/\" target=\"_blank\" rel=\"noreferrer noopener\">Francisco recebeu a visita da primeira-ministra da It\u00e1lia<\/a>, Giorgia Meloni. Segundo ela, ele estava alerta e responsivo, e \u201cn\u00e3o perdeu o senso de humor proverbial\u201d.<\/p>\n\n\n\n<p>O Vaticano tamb\u00e9m anunciou que todos os&nbsp;<a href=\"https:\/\/www.cnnbrasil.com.br\/internacional\/papa-francisco-tem-proximos-compromissos-cancelados-pelo-vaticano\/\" target=\"_blank\" rel=\"noreferrer noopener\">eventos p\u00fablicos do calend\u00e1rio do papa foram cancelados<\/a>&nbsp;at\u00e9 domingo (23).<\/p>\n\n\n\n<p><em>Fonte: CNN<\/em><\/p>\n","protected":false},"excerpt":{"rendered":"<p>Exames de sangue est\u00e3o est\u00e1veis<\/p>\n","protected":false},"author":2,"featured_media":53194,"comment_status":"open","ping_status":"open","sticky":false,"template":"","format":"standard","meta":{"om_disable_all_campaigns":false,"_monsterinsights_skip_tracking":false,"_monsterinsights_sitenote_active":false,"_monsterinsights_sitenote_note":"","_monsterinsights_sitenote_category":0,"footnotes":""},"categories":[70,35,69],"tags":[100,71,48,75,4178,4180,129,107,4181,132,230,339,106,203,120,1509,51,109,88,47,111,190],"class_list":["post-69324","post","type-post","status-publish","format-standard","has-post-thumbnail","hentry","category-destaques","category-mundo","category-noticias2","tag-adustina","tag-antas","tag-araci","tag-cicero-dantas","tag-cipo-2","tag-crisopolis-2","tag-euclides-da-cunha","tag-fatima","tag-heliopolis-2","tag-itapicuru","tag-jeremoabo","tag-mundo","tag-nova-soure","tag-novo-triunfo","tag-olindina","tag-papa-francisco","tag-paripiranga","tag-quijingue","tag-ribeira-do-amparo","tag-ribeira-do-pombal","tag-sitio-do-quinto","tag-tucano"],"aioseo_notices":[],"_links":{"self":[{"href":"https:\/\/www.portalalerta.com.br\/index.php\/wp-json\/wp\/v2\/posts\/69324","targetHints":{"allow":["GET"]}}],"collection":[{"href":"https:\/\/www.portalalerta.com.br\/index.php\/wp-json\/wp\/v2\/posts"}],"about":[{"href":"https:\/\/www.portalalerta.com.br\/index.php\/wp-json\/wp\/v2\/types\/post"}],"author":[{"embeddable":true,"href":"https:\/\/www.portalalerta.com.br\/index.php\/wp-json\/wp\/v2\/users\/2"}],"replies":[{"embeddable":true,"href":"https:\/\/www.portalalerta.com.br\/index.php\/wp-json\/wp\/v2\/comments?post=69324"}],"version-history":[{"count":1,"href":"https:\/\/www.portalalerta.com.br\/index.php\/wp-json\/wp\/v2\/posts\/69324\/revisions"}],"predecessor-version":[{"id":69325,"href":"https:\/\/www.portalalerta.com.br\/index.php\/wp-json\/wp\/v2\/posts\/69324\/revisions\/69325"}],"wp:featuredmedia":[{"embeddable":true,"href":"https:\/\/www.portalalerta.com.br\/index.php\/wp-json\/wp\/v2\/media\/53194"}],"wp:attachment":[{"href":"https:\/\/www.portalalerta.com.br\/index.php\/wp-json\/wp\/v2\/media?parent=69324"}],"wp:term":[{"taxonomy":"category","embeddable":true,"href":"https:\/\/www.portalalerta.com.br\/index.php\/wp-json\/wp\/v2\/categories?post=69324"},{"taxonomy":"post_tag","embeddable":true,"href":"https:\/\/www.portalalerta.com.br\/index.php\/wp-json\/wp\/v2\/tags?post=69324"}],"curies":[{"name":"wp","href":"https:\/\/api.w.org\/{rel}","templated":true}]}}