{"id":69395,"date":"2025-02-24T11:02:00","date_gmt":"2025-02-24T14:02:00","guid":{"rendered":"https:\/\/www.portalalerta.com.br\/?p=69395"},"modified":"2025-02-23T23:35:20","modified_gmt":"2025-02-24T02:35:20","slug":"lideres-mundiais-repercutem-eleicao-na-alemanha-e-parabenizam-merz","status":"publish","type":"post","link":"https:\/\/www.portalalerta.com.br\/index.php\/2025\/02\/24\/lideres-mundiais-repercutem-eleicao-na-alemanha-e-parabenizam-merz\/","title":{"rendered":"L\u00edderes mundiais repercutem elei\u00e7\u00e3o na Alemanha e parabenizam Merz"},"content":{"rendered":"\n<p>Friedrich Merz pode se tornar novo chanceler alem\u00e3o ap\u00f3s pesquisas de boca de urna mostrarem Uni\u00e3o Democrata-Crist\u00e3 na lideran\u00e7a<\/p>\n\n\n\n<!--more-->\n\n\n\n<p>Os conservadores da oposi\u00e7\u00e3o alem\u00e3 lideram as pesquisas de boca de urna das elei\u00e7\u00f5es neste domingo (23), colocando o l\u00edder Friedrich Merz no caminho para ser o pr\u00f3ximo chanceler. A Alternativa para a Alemanha, de ultradireita, ficou em segundo lugar com o seu melhor resultado da hist\u00f3ria, mostraram os resultados projetados.<\/p>\n\n\n\n<p><strong>Veja as rea\u00e7\u00f5es de l\u00edderes internacionais<\/strong><\/p>\n\n\n\n<p>Donald Trump, presidente dos Estados Unidos<\/p>\n\n\n\n<p>\u201cTal como os EUA, o povo da Alemanha se cansou da agenda sem bom senso, especialmente sobre energia e imigra\u00e7\u00e3o, que prevaleceu durante tantos anos.&nbsp;<a href=\"https:\/\/www.cnnbrasil.com.br\/internacional\/trump-parabeniza-partido-conservador-da-alemanha-apos-eleicao-parlamentar\/\" target=\"_blank\" rel=\"noreferrer noopener\">Este \u00e9 um grande dia para a Alemanha.<\/a>\u201c<\/p>\n\n\n\n<p><strong>Benjamin Netanyahu, primeiro-ministro de Israel<\/strong><\/p>\n\n\n<div class=\"wp-block-image\">\n<figure class=\"alignleft size-large is-resized\"><img fetchpriority=\"high\" decoding=\"async\" src=\"https:\/\/www.portalalerta.com.br\/wp-content\/uploads\/2024\/12\/Sabino-Carrinho-de-mao-1024x1024.jpeg\" alt=\"\" class=\"wp-image-65525\" width=\"435\" height=\"435\" srcset=\"https:\/\/www.portalalerta.com.br\/wp-content\/uploads\/2024\/12\/Sabino-Carrinho-de-mao-1024x1024.jpeg 1024w, https:\/\/www.portalalerta.com.br\/wp-content\/uploads\/2024\/12\/Sabino-Carrinho-de-mao-240x240.jpeg 240w, https:\/\/www.portalalerta.com.br\/wp-content\/uploads\/2024\/12\/Sabino-Carrinho-de-mao-768x768.jpeg 768w, https:\/\/www.portalalerta.com.br\/wp-content\/uploads\/2024\/12\/Sabino-Carrinho-de-mao.jpeg 1080w\" sizes=\"(max-width: 435px) 100vw, 435px\" \/><\/figure><\/div>\n\n\n<p>\u201cParab\u00e9ns a Friedrich Merz e \u00e0 CDU\/CSU pela sua clara vit\u00f3ria eleitoral de hoje. Estou ansioso por trabalhar em estreita colabora\u00e7\u00e3o com o seu pr\u00f3ximo governo para fortalecer ainda mais a parceria entre os nossos dois pa\u00edses.\u201d<\/p>\n\n\n\n<p><strong>Secret\u00e1rio-geral da Otan, Mark Rutte<\/strong><\/p>\n\n\n\n<p>\u201cParab\u00e9ns a&nbsp;<a href=\"https:\/\/www.cnnbrasil.com.br\/internacional\/lider-conservador-da-alemanha-diz-que-busca-coalizao-o-mais-rapido-possivel\/\" target=\"_blank\" rel=\"noreferrer noopener\">Friedrich Merz<\/a>&nbsp;pela vit\u00f3ria eleitoral de hoje na Alemanha. Estou ansioso por trabalhar com voc\u00eas neste momento crucial para a nossa seguran\u00e7a compartilhada. \u00c9 vital que a Europa intensifique os gastos com a defesa e a sua lideran\u00e7a ser\u00e1 fundamental.\u201d<\/p>\n\n\n\n<p><strong>Kyriakos Mitsotakis, primeiro-ministro da Gr\u00e9cia<\/strong><\/p>\n\n\n\n<p>\u201cUma vit\u00f3ria decisiva para a nossa fam\u00edlia pol\u00edtica, para a Alemanha e para a Europa. Parab\u00e9ns Friedrich Merz! Uma coisa \u00e9 certa: voc\u00ea ser\u00e1 o pr\u00f3ximo chanceler da Alemanha.\u201d<\/p>\n\n\n\n<p><strong>Matteo Salvini, vice-primeiro-ministro da It\u00e1lia<\/strong><\/p>\n\n\n\n<p>\u201cA mudan\u00e7a tamb\u00e9m est\u00e1 vencendo na Alemanha! A AfD duplica os seus votos, apesar dos ataques e das mentiras da esquerda: acabar com a imigra\u00e7\u00e3o ilegal e o fanatismo isl\u00e2mico, chega de loucura ecol\u00f3gica, dar prioridade \u00e0 paz e ao emprego, a Europa tem de ser radicalmente mudada. Muito bem (co-l\u00edder da AfD) Alice Weidel, continue assim!\u201d<\/p>\n\n\n\n<p><em>Fonte: CNN Brasil<\/em><\/p>\n","protected":false},"excerpt":{"rendered":"<p>Friedrich Merz pode se tornar novo chanceler alem\u00e3o ap\u00f3s pesquisas de boca de urna mostrarem Uni\u00e3o Democrata-Crist\u00e3 na lideran\u00e7a<\/p>\n","protected":false},"author":2,"featured_media":69381,"comment_status":"open","ping_status":"open","sticky":false,"template":"","format":"standard","meta":{"om_disable_all_campaigns":false,"_monsterinsights_skip_tracking":false,"_monsterinsights_sitenote_active":false,"_monsterinsights_sitenote_note":"","_monsterinsights_sitenote_category":0,"footnotes":""},"categories":[70,35,69,21],"tags":[100,1248,71,48,75,4178,4180,7821,129,107,7822,4181,132,230,339,106,203,120,51,109,88,47,111,190],"class_list":["post-69395","post","type-post","status-publish","format-standard","has-post-thumbnail","hentry","category-destaques","category-mundo","category-noticias2","category-politica","tag-adustina","tag-alemanha","tag-antas","tag-araci","tag-cicero-dantas","tag-cipo-2","tag-crisopolis-2","tag-eleicoes-2025","tag-euclides-da-cunha","tag-fatima","tag-friedrich-merz","tag-heliopolis-2","tag-itapicuru","tag-jeremoabo","tag-mundo","tag-nova-soure","tag-novo-triunfo","tag-olindina","tag-paripiranga","tag-quijingue","tag-ribeira-do-amparo","tag-ribeira-do-pombal","tag-sitio-do-quinto","tag-tucano"],"aioseo_notices":[],"_links":{"self":[{"href":"https:\/\/www.portalalerta.com.br\/index.php\/wp-json\/wp\/v2\/posts\/69395","targetHints":{"allow":["GET"]}}],"collection":[{"href":"https:\/\/www.portalalerta.com.br\/index.php\/wp-json\/wp\/v2\/posts"}],"about":[{"href":"https:\/\/www.portalalerta.com.br\/index.php\/wp-json\/wp\/v2\/types\/post"}],"author":[{"embeddable":true,"href":"https:\/\/www.portalalerta.com.br\/index.php\/wp-json\/wp\/v2\/users\/2"}],"replies":[{"embeddable":true,"href":"https:\/\/www.portalalerta.com.br\/index.php\/wp-json\/wp\/v2\/comments?post=69395"}],"version-history":[{"count":1,"href":"https:\/\/www.portalalerta.com.br\/index.php\/wp-json\/wp\/v2\/posts\/69395\/revisions"}],"predecessor-version":[{"id":69396,"href":"https:\/\/www.portalalerta.com.br\/index.php\/wp-json\/wp\/v2\/posts\/69395\/revisions\/69396"}],"wp:featuredmedia":[{"embeddable":true,"href":"https:\/\/www.portalalerta.com.br\/index.php\/wp-json\/wp\/v2\/media\/69381"}],"wp:attachment":[{"href":"https:\/\/www.portalalerta.com.br\/index.php\/wp-json\/wp\/v2\/media?parent=69395"}],"wp:term":[{"taxonomy":"category","embeddable":true,"href":"https:\/\/www.portalalerta.com.br\/index.php\/wp-json\/wp\/v2\/categories?post=69395"},{"taxonomy":"post_tag","embeddable":true,"href":"https:\/\/www.portalalerta.com.br\/index.php\/wp-json\/wp\/v2\/tags?post=69395"}],"curies":[{"name":"wp","href":"https:\/\/api.w.org\/{rel}","templated":true}]}}