{"id":69434,"date":"2025-02-25T12:50:35","date_gmt":"2025-02-25T15:50:35","guid":{"rendered":"https:\/\/www.portalalerta.com.br\/?p=69434"},"modified":"2025-02-25T12:50:37","modified_gmt":"2025-02-25T15:50:37","slug":"em-audio-policial-diz-que-estavam-com-moraes-na-mira-para-atirar","status":"publish","type":"post","link":"https:\/\/www.portalalerta.com.br\/index.php\/2025\/02\/25\/em-audio-policial-diz-que-estavam-com-moraes-na-mira-para-atirar\/","title":{"rendered":"Em \u00e1udio, policial diz que \u201cestavam com Moraes na mira para atirar\u201d"},"content":{"rendered":"\n<p>Mensagem foi obtida pela PF no inqu\u00e9rito que apura uma trama de golpe de Estado<\/p>\n\n\n\n<!--more-->\n\n\n\n<p>A Pol\u00edcia Federal encontrou uma mensagem do agente da PF Wladimir Soares em que ele cita o plano de morte contra o ministro Alexandre de Moraes, do Supremo Tribunal Federal (STF), ap\u00f3s as elei\u00e7\u00f5es de 2022.<\/p>\n\n\n\n<p>O \u00e1udio faz parte do material apreendido com os 40 indiciados pela trama golpista para impedir a posse de Luiz In\u00e1cio Lula da Silva (PT).<\/p>\n\n\n<div class=\"wp-block-image\">\n<figure class=\"alignleft size-large is-resized\"><img fetchpriority=\"high\" decoding=\"async\" src=\"https:\/\/www.portalalerta.com.br\/wp-content\/uploads\/2024\/12\/Sabino-Carrinho-de-mao-1024x1024.jpeg\" alt=\"\" class=\"wp-image-65525\" width=\"397\" height=\"397\" srcset=\"https:\/\/www.portalalerta.com.br\/wp-content\/uploads\/2024\/12\/Sabino-Carrinho-de-mao-1024x1024.jpeg 1024w, https:\/\/www.portalalerta.com.br\/wp-content\/uploads\/2024\/12\/Sabino-Carrinho-de-mao-240x240.jpeg 240w, https:\/\/www.portalalerta.com.br\/wp-content\/uploads\/2024\/12\/Sabino-Carrinho-de-mao-768x768.jpeg 768w, https:\/\/www.portalalerta.com.br\/wp-content\/uploads\/2024\/12\/Sabino-Carrinho-de-mao.jpeg 1080w\" sizes=\"(max-width: 397px) 100vw, 397px\" \/><\/figure><\/div>\n\n\n<p>No \u00e1udio, ainda sob sigilo judicial, o policial diz a colegas que \u201cestavam com Moraes na mira para atirar\u201d.<\/p>\n\n\n\n<p>Nas mensagens, Soares tamb\u00e9m afirma qual armamento seria usado, segundo apurou a&nbsp;CNN&nbsp;com fontes ligadas \u00e0 investiga\u00e7\u00e3o.<\/p>\n\n\n\n<p>O agente da PF foi preso em novembro do ano passado sob a acusa\u00e7\u00e3o de ter se infiltrado na seguran\u00e7a de Lula, ent\u00e3o presidente eleito, para repassar informa\u00e7\u00f5es sens\u00edveis ao grupo investigado. E fazer parte de um grupo de cinco pessoas que assassinariam autoridades.<\/p>\n\n\n\n<p>A pris\u00e3o foi autorizada pelo STF ap\u00f3s an\u00e1lises de material apreendido em posse de S\u00e9rgio Rocha Cordeiro, capit\u00e3o da reserva do Ex\u00e9rcito e ex-assessor especial do Gabinete Pessoal da Presid\u00eancia da Rep\u00fablica.<\/p>\n\n\n\n<p>De acordo com a investiga\u00e7\u00e3o, Wladimir Soares forneceu detalhes estrat\u00e9gicos sobre o esquema de seguran\u00e7a de Lula. Para a PF, seria parte do plano de morte.<\/p>\n\n\n\n<p>A opera\u00e7\u00e3o Contragolpe da PF desvendou um plano para que, dentro da trama golpista, o ministro Moraes, Lula, e seu vice, Geraldo Alckmin, fossem \u201cneutralizados\u201d por militares das For\u00e7as Especiais do Ex\u00e9rcito, segundo a PF. Quatro militares e Wladimir Soares foram presos.<\/p>\n\n\n\n<p>O relat\u00f3rio da PF detalha como o grupo agiria, com militares em frente ao pr\u00e9dio onde o ministro morava, \u00e0 \u00e9poca, na Asa Sul de Bras\u00edlia, \u201cde prontid\u00e3o para o ato\u201d.<\/p>\n\n\n\n<p>A an\u00e1lise completa desse e de outros \u00e1udios ser\u00e1 enviada pela PF ao Supremo em relat\u00f3rio complementar, com a expectativa de que o ministro relator levante o sigilo.<\/p>\n\n\n\n<p>A defesa do agente da PF citado disse \u00e0 reportagem que ainda n\u00e3o teve acesso a todos os \u00e1udios do caso.<\/p>\n\n\n\n<p><em>Fonte: CNN<\/em><\/p>\n","protected":false},"excerpt":{"rendered":"<p>Mensagem foi obtida pela PF no inqu\u00e9rito que apura uma trama de golpe de Estado<\/p>\n","protected":false},"author":2,"featured_media":64602,"comment_status":"open","ping_status":"open","sticky":false,"template":"","format":"standard","meta":{"om_disable_all_campaigns":false,"_monsterinsights_skip_tracking":false,"_monsterinsights_sitenote_active":false,"_monsterinsights_sitenote_note":"","_monsterinsights_sitenote_category":0,"footnotes":""},"categories":[34,70,69,21,22],"tags":[100,1173,71,48,93,75,4178,4180,129,107,4181,206,132,230,106,203,120,51,173,504,109,88,47,111,216,190],"class_list":["post-69434","post","type-post","status-publish","format-standard","has-post-thumbnail","hentry","category-brasil","category-destaques","category-noticias2","category-politica","category-seguranca","tag-adustina","tag-alexandre-de-moraes","tag-antas","tag-araci","tag-brasil","tag-cicero-dantas","tag-cipo-2","tag-crisopolis-2","tag-euclides-da-cunha","tag-fatima","tag-heliopolis-2","tag-homicidio","tag-itapicuru","tag-jeremoabo","tag-nova-soure","tag-novo-triunfo","tag-olindina","tag-paripiranga","tag-policia-federal","tag-policial","tag-quijingue","tag-ribeira-do-amparo","tag-ribeira-do-pombal","tag-sitio-do-quinto","tag-stf","tag-tucano"],"aioseo_notices":[],"_links":{"self":[{"href":"https:\/\/www.portalalerta.com.br\/index.php\/wp-json\/wp\/v2\/posts\/69434","targetHints":{"allow":["GET"]}}],"collection":[{"href":"https:\/\/www.portalalerta.com.br\/index.php\/wp-json\/wp\/v2\/posts"}],"about":[{"href":"https:\/\/www.portalalerta.com.br\/index.php\/wp-json\/wp\/v2\/types\/post"}],"author":[{"embeddable":true,"href":"https:\/\/www.portalalerta.com.br\/index.php\/wp-json\/wp\/v2\/users\/2"}],"replies":[{"embeddable":true,"href":"https:\/\/www.portalalerta.com.br\/index.php\/wp-json\/wp\/v2\/comments?post=69434"}],"version-history":[{"count":1,"href":"https:\/\/www.portalalerta.com.br\/index.php\/wp-json\/wp\/v2\/posts\/69434\/revisions"}],"predecessor-version":[{"id":69435,"href":"https:\/\/www.portalalerta.com.br\/index.php\/wp-json\/wp\/v2\/posts\/69434\/revisions\/69435"}],"wp:featuredmedia":[{"embeddable":true,"href":"https:\/\/www.portalalerta.com.br\/index.php\/wp-json\/wp\/v2\/media\/64602"}],"wp:attachment":[{"href":"https:\/\/www.portalalerta.com.br\/index.php\/wp-json\/wp\/v2\/media?parent=69434"}],"wp:term":[{"taxonomy":"category","embeddable":true,"href":"https:\/\/www.portalalerta.com.br\/index.php\/wp-json\/wp\/v2\/categories?post=69434"},{"taxonomy":"post_tag","embeddable":true,"href":"https:\/\/www.portalalerta.com.br\/index.php\/wp-json\/wp\/v2\/tags?post=69434"}],"curies":[{"name":"wp","href":"https:\/\/api.w.org\/{rel}","templated":true}]}}