{"id":69437,"date":"2025-02-25T12:52:05","date_gmt":"2025-02-25T15:52:05","guid":{"rendered":"https:\/\/www.portalalerta.com.br\/?p=69437"},"modified":"2025-02-25T12:52:06","modified_gmt":"2025-02-25T15:52:06","slug":"adolescente-que-estava-desaparecida-e-encontrada-pela-familia-em-ribeira-do-pombal-ba","status":"publish","type":"post","link":"https:\/\/www.portalalerta.com.br\/index.php\/2025\/02\/25\/adolescente-que-estava-desaparecida-e-encontrada-pela-familia-em-ribeira-do-pombal-ba\/","title":{"rendered":"Adolescente que estava desaparecida \u00e9 encontrada pela fam\u00edlia, em Ribeira do Pombal-BA"},"content":{"rendered":"\n<p>A adolescente Stafani Santos Campos, 14 anos, que estava desaparecida desde a manh\u00e3 do \u00faltimo domingo (23), j\u00e1 foi encontrada por familiares.<\/p>\n\n\n\n<!--more-->\n\n\n\n<p>A adolescente que \u00e9 de Ribeira do Pombal-BA, foi encontrada na sede do munic\u00edpio, ainda na noite da \u00faltima segunda-feira (24). O PORTAL ALERTA, havia anunciado o desaparecimento ap\u00f3s pedido feito por familiares.<\/p>\n\n\n\n<p>As circunst\u00e2ncias em que a jovem foi encontrada, n\u00e3o foram divulgadas.<\/p>\n\n\n\n<p><em>Reda\u00e7\u00e3o: Portal Alerta<\/em><\/p>\n","protected":false},"excerpt":{"rendered":"<p>A adolescente Stafani Santos Campos, 14 anos, que estava desaparecida desde a manh\u00e3 do \u00faltimo domingo (23), j\u00e1 foi encontrada por familiares.<\/p>\n","protected":false},"author":2,"featured_media":69406,"comment_status":"open","ping_status":"open","sticky":false,"template":"","format":"standard","meta":{"om_disable_all_campaigns":false,"_monsterinsights_skip_tracking":false,"_monsterinsights_sitenote_active":false,"_monsterinsights_sitenote_note":"","_monsterinsights_sitenote_category":0,"footnotes":""},"categories":[70,69,32,3,22],"tags":[100,71,48,75,4178,4180,3185,7826,129,107,4181,132,230,106,203,120,51,109,88,47,111,190],"class_list":["post-69437","post","type-post","status-publish","format-standard","has-post-thumbnail","hentry","category-destaques","category-noticias2","category-regiao","category-ribeira-do-pombal","category-seguranca","tag-adustina","tag-antas","tag-araci","tag-cicero-dantas","tag-cipo-2","tag-crisopolis-2","tag-desaparecida","tag-encontrada","tag-euclides-da-cunha","tag-fatima","tag-heliopolis-2","tag-itapicuru","tag-jeremoabo","tag-nova-soure","tag-novo-triunfo","tag-olindina","tag-paripiranga","tag-quijingue","tag-ribeira-do-amparo","tag-ribeira-do-pombal","tag-sitio-do-quinto","tag-tucano"],"aioseo_notices":[],"_links":{"self":[{"href":"https:\/\/www.portalalerta.com.br\/index.php\/wp-json\/wp\/v2\/posts\/69437","targetHints":{"allow":["GET"]}}],"collection":[{"href":"https:\/\/www.portalalerta.com.br\/index.php\/wp-json\/wp\/v2\/posts"}],"about":[{"href":"https:\/\/www.portalalerta.com.br\/index.php\/wp-json\/wp\/v2\/types\/post"}],"author":[{"embeddable":true,"href":"https:\/\/www.portalalerta.com.br\/index.php\/wp-json\/wp\/v2\/users\/2"}],"replies":[{"embeddable":true,"href":"https:\/\/www.portalalerta.com.br\/index.php\/wp-json\/wp\/v2\/comments?post=69437"}],"version-history":[{"count":1,"href":"https:\/\/www.portalalerta.com.br\/index.php\/wp-json\/wp\/v2\/posts\/69437\/revisions"}],"predecessor-version":[{"id":69438,"href":"https:\/\/www.portalalerta.com.br\/index.php\/wp-json\/wp\/v2\/posts\/69437\/revisions\/69438"}],"wp:featuredmedia":[{"embeddable":true,"href":"https:\/\/www.portalalerta.com.br\/index.php\/wp-json\/wp\/v2\/media\/69406"}],"wp:attachment":[{"href":"https:\/\/www.portalalerta.com.br\/index.php\/wp-json\/wp\/v2\/media?parent=69437"}],"wp:term":[{"taxonomy":"category","embeddable":true,"href":"https:\/\/www.portalalerta.com.br\/index.php\/wp-json\/wp\/v2\/categories?post=69437"},{"taxonomy":"post_tag","embeddable":true,"href":"https:\/\/www.portalalerta.com.br\/index.php\/wp-json\/wp\/v2\/tags?post=69437"}],"curies":[{"name":"wp","href":"https:\/\/api.w.org\/{rel}","templated":true}]}}