{"id":69442,"date":"2025-02-25T18:01:00","date_gmt":"2025-02-25T21:01:00","guid":{"rendered":"https:\/\/www.portalalerta.com.br\/?p=69442"},"modified":"2025-02-25T12:59:29","modified_gmt":"2025-02-25T15:59:29","slug":"defesa-de-braga-netto-aciona-stf-para-moraes-nao-julgar-denuncia-de-suposto-plano-de-golpe","status":"publish","type":"post","link":"https:\/\/www.portalalerta.com.br\/index.php\/2025\/02\/25\/defesa-de-braga-netto-aciona-stf-para-moraes-nao-julgar-denuncia-de-suposto-plano-de-golpe\/","title":{"rendered":"Defesa de Braga Netto aciona STF para Moraes na\u0303o julgar denu\u0301ncia de suposto plano de golpe"},"content":{"rendered":"\n<p>Ex-ministro de Bolsonaro foi um dos denunciados pela PGR e quer que Moraes seja impedido de participar do julgamento<\/p>\n\n\n\n<!--more-->\n\n\n\n<p>A defesa do ex-ministro da Defesa e ex-candidato a vice-presidente&nbsp;<a href=\"https:\/\/www.r7.com\/aclr\/defesa-de-braga-neto-classifica-denuncia-apresentada-pela-pgr-como-fantasiosa-19022025\/\" target=\"_blank\" rel=\"noreferrer noopener\"><strong>Walter Souza Braga Netto<\/strong><\/a>&nbsp;apresentou uma a\u00e7\u00e3o ao&nbsp;<a href=\"https:\/\/noticias.r7.com\/brasilia\/confira-ponto-a-ponto-os-detalhes-da-denuncia-da-pgr-contra-suposta-tentativa-de-golpe-19022025\/\" target=\"_blank\" rel=\"noreferrer noopener\"><strong>STF (Supremo Tribunal Federal)<\/strong><\/a>&nbsp;na qual pede que o ministro Alexandre de Moraes seja impedido de julgar a&nbsp;<a href=\"https:\/\/noticias.r7.com\/brasilia\/denuncia-da-pgr-contra-bolsonaro-movimenta-base-e-oposicao-no-congresso-20022025\/\" target=\"_blank\" rel=\"noreferrer noopener\"><strong>den\u00fancia da PGR (Procuradoria-Geral da Rep\u00fablica)<\/strong><\/a>&nbsp;de um suposto plano de golpe de Estado ap\u00f3s as elei\u00e7\u00f5es de 2022.<\/p>\n\n\n\n<p>Na lista dos 34 denunciados, est\u00e3o Braga Netto e o&nbsp;<a href=\"https:\/\/noticias.r7.com\/brasilia\/defesa-de-bolsonaro-se-encontra-com-barroso-apos-denuncia-sobre-suposto-plano-de-golpe-24022025\/\" target=\"_blank\" rel=\"noreferrer noopener\"><strong>ex-presidente Jair Bolsonaro<\/strong><\/a>.<\/p>\n\n\n<div class=\"wp-block-image\">\n<figure class=\"alignleft size-full\"><img fetchpriority=\"high\" decoding=\"async\" width=\"400\" height=\"500\" src=\"https:\/\/www.portalalerta.com.br\/wp-content\/uploads\/2025\/01\/Liquida-Verao-Real-2025.jpg\" alt=\"\" class=\"wp-image-68486\" srcset=\"https:\/\/www.portalalerta.com.br\/wp-content\/uploads\/2025\/01\/Liquida-Verao-Real-2025.jpg 400w, https:\/\/www.portalalerta.com.br\/wp-content\/uploads\/2025\/01\/Liquida-Verao-Real-2025-192x240.jpg 192w\" sizes=\"(max-width: 400px) 100vw, 400px\" \/><\/figure><\/div>\n\n\n<p>No pedido, que est\u00e1 sob sigilo, a defesa diz que embora Moraes n\u00e3o seja a v\u00edtima dos crimes apresentados, o pr\u00f3prio \u00f3rg\u00e3o acusat\u00f3rio atrelou as circunst\u00e2ncias do cometimento dos delitos a atos contra o ministro, o que pode levar \u00e0 quebra da imparcialidade.<\/p>\n\n\n\n<p>Na semana passada, Braga Netto solicitou ao STF acesso integral \u00e0 dela\u00e7\u00e3o de Mauro Cid, incluindo depoimentos, documentos e tratativas do acordo. A defesa alegava que o material era essencial para garantir o direito \u00e0 ampla defesa e ao contradit\u00f3rio.<\/p>\n\n\n\n<p>O pedido foi negado por Alexandre de Moraes, que justificou a decis\u00e3o com base na jurisprud\u00eancia do STF, afirmando que o acesso \u00e0 dela\u00e7\u00e3o s\u00f3 \u00e9 permitido quando h\u00e1 imputa\u00e7\u00e3o direta de responsabilidade criminal ao requerente e quando n\u00e3o h\u00e1 dilig\u00eancias em andamento.<\/p>\n\n\n\n<p>A defesa de Jair Bolsonaro se reuniu hoje com o presidente do Supremo Tribunal Federal,<\/p>\n\n\n\n<p><strong>Defesa de Bolsonaro<\/strong><\/p>\n\n\n\n<p>O advogado Celso Vilardi, que faz parte da defesa do ex-presidente Jair Bolsonaro, deve pedir nos pr\u00f3ximos dias ao STF que os ministros Fl\u00e1vio Dino e Cristiano Zanin se declarem impedidos para julgar a den\u00fancia da PGR sobre suposta tentativa de golpe. Os dois foram indicados pelo presidente Luiz In\u00e1cio Lula da Silva.<\/p>\n\n\n\n<p>Na segunda-feira (24), Vilardi esteve com o presidente da Corte, ministro Lu\u00eds Roberto Barroso, que garantiu ao advogado que todos os pedidos que forem apresentados contra a den\u00fancia da PGR ser\u00e3o analisados pelo STF.<\/p>\n\n\n\n<p>Segundo a defesa de Bolsonaro, ele \u201cjamais compactuou com qualquer movimento que visasse a desconstru\u00e7\u00e3o do Estado Democr\u00e1tico de Direito ou as institui\u00e7\u00f5es que o pavimentam\u201d.<\/p>\n\n\n\n<p>Fonte: noticias r7<\/p>\n","protected":false},"excerpt":{"rendered":"<p>Ex-ministro de Bolsonaro foi um dos denunciados pela PGR e quer que Moraes seja impedido de participar do julgamento<\/p>\n","protected":false},"author":2,"featured_media":41674,"comment_status":"open","ping_status":"open","sticky":false,"template":"","format":"standard","meta":{"om_disable_all_campaigns":false,"_monsterinsights_skip_tracking":false,"_monsterinsights_sitenote_active":false,"_monsterinsights_sitenote_note":"","_monsterinsights_sitenote_category":0,"footnotes":""},"categories":[34,70,69,21],"tags":[100,1173,71,48,93,75,4178,4180,129,107,3398,839,4181,132,230,106,203,120,51,109,88,47,111,216,190],"class_list":["post-69442","post","type-post","status-publish","format-standard","has-post-thumbnail","hentry","category-brasil","category-destaques","category-noticias2","category-politica","tag-adustina","tag-alexandre-de-moraes","tag-antas","tag-araci","tag-brasil","tag-cicero-dantas","tag-cipo-2","tag-crisopolis-2","tag-euclides-da-cunha","tag-fatima","tag-general-braga-netto","tag-golpe","tag-heliopolis-2","tag-itapicuru","tag-jeremoabo","tag-nova-soure","tag-novo-triunfo","tag-olindina","tag-paripiranga","tag-quijingue","tag-ribeira-do-amparo","tag-ribeira-do-pombal","tag-sitio-do-quinto","tag-stf","tag-tucano"],"aioseo_notices":[],"_links":{"self":[{"href":"https:\/\/www.portalalerta.com.br\/index.php\/wp-json\/wp\/v2\/posts\/69442","targetHints":{"allow":["GET"]}}],"collection":[{"href":"https:\/\/www.portalalerta.com.br\/index.php\/wp-json\/wp\/v2\/posts"}],"about":[{"href":"https:\/\/www.portalalerta.com.br\/index.php\/wp-json\/wp\/v2\/types\/post"}],"author":[{"embeddable":true,"href":"https:\/\/www.portalalerta.com.br\/index.php\/wp-json\/wp\/v2\/users\/2"}],"replies":[{"embeddable":true,"href":"https:\/\/www.portalalerta.com.br\/index.php\/wp-json\/wp\/v2\/comments?post=69442"}],"version-history":[{"count":1,"href":"https:\/\/www.portalalerta.com.br\/index.php\/wp-json\/wp\/v2\/posts\/69442\/revisions"}],"predecessor-version":[{"id":69443,"href":"https:\/\/www.portalalerta.com.br\/index.php\/wp-json\/wp\/v2\/posts\/69442\/revisions\/69443"}],"wp:featuredmedia":[{"embeddable":true,"href":"https:\/\/www.portalalerta.com.br\/index.php\/wp-json\/wp\/v2\/media\/41674"}],"wp:attachment":[{"href":"https:\/\/www.portalalerta.com.br\/index.php\/wp-json\/wp\/v2\/media?parent=69442"}],"wp:term":[{"taxonomy":"category","embeddable":true,"href":"https:\/\/www.portalalerta.com.br\/index.php\/wp-json\/wp\/v2\/categories?post=69442"},{"taxonomy":"post_tag","embeddable":true,"href":"https:\/\/www.portalalerta.com.br\/index.php\/wp-json\/wp\/v2\/tags?post=69442"}],"curies":[{"name":"wp","href":"https:\/\/api.w.org\/{rel}","templated":true}]}}