{"id":69446,"date":"2025-02-25T18:03:00","date_gmt":"2025-02-25T21:03:00","guid":{"rendered":"https:\/\/www.portalalerta.com.br\/?p=69446"},"modified":"2025-02-25T13:22:57","modified_gmt":"2025-02-25T16:22:57","slug":"governo-lula-tem-pior-avaliacao-em-tres-mandatos-com-44-de-reprovacao-aponta-cnt","status":"publish","type":"post","link":"https:\/\/www.portalalerta.com.br\/index.php\/2025\/02\/25\/governo-lula-tem-pior-avaliacao-em-tres-mandatos-com-44-de-reprovacao-aponta-cnt\/","title":{"rendered":"Governo Lula tem pior avalia\u00e7\u00e3o em tr\u00eas mandatos, com 44% de reprova\u00e7\u00e3o, aponta CNT"},"content":{"rendered":"\n<p>Pela primeira vez na hist\u00f3ria do levantamento, avalia\u00e7\u00e3o negativa do governo Lula superou a positiva<\/p>\n\n\n\n<!--more-->\n\n\n\n<p>O governo do&nbsp;<a href=\"https:\/\/noticias.r7.com\/brasilia\/em-meio-a-baixa-popularidade-lula-destaca-pe-de-meia-e-farmacia-popular-em-fala-na-tv-24022025\/\" target=\"_blank\" rel=\"noreferrer noopener\"><strong>presidente Luiz In\u00e1cio Lula da Silva<\/strong><\/a>&nbsp;\u00e9 avaliado como ruim ou p\u00e9ssimo por 44% dos brasileiros, de acordo com pesquisa de opini\u00e3o divulgada nesta ter\u00e7a-feira (25) pela CNT (Confedera\u00e7\u00e3o Nacional do Transporte). Esse \u00e9 o maior n\u00famero dos tr\u00eas mandatos de Lula, de acordo com o levantamento, e houve uma alta de 13,2 pontos percentuais em rela\u00e7\u00e3o \u00e0 pesquisa anterior.<\/p>\n\n\n\n<p>Segundo a pesquisa, 28,7% acham o governo de Lula \u00f3timo ou bom. Al\u00e9m disso, 26,3% t\u00eam uma avalia\u00e7\u00e3o regular da gest\u00e3o do presidente.<\/p>\n\n\n\n<p>Pela primeira vez na hist\u00f3ria do levantamento da CNT, a avalia\u00e7\u00e3o negativa do governo Lula superou a positiva.<\/p>\n\n\n\n<p>Para a pesquisa, a CNT coletou 2.002 entrevistas em 137 munic\u00edpios de 25 unidades da Federa\u00e7\u00e3o. Os dados foram levantados entre os dias 19 e 23 de fevereiro. A margem de erro \u00e9 de 2,2 pontos percentuais para mais ou para menos. O n\u00edvel de confian\u00e7a \u00e9 de 95%.<\/p>\n\n\n\n<p>Confira os n\u00fameros da avalia\u00e7\u00e3o do governo Lula:<\/p>\n\n\n\n<ul class=\"wp-block-list\">\n<li>\u00d3timo: 9,3%<\/li>\n\n\n\n<li>Bom: 19,4%<\/li>\n\n\n\n<li>Regular: 26,3%<\/li>\n\n\n\n<li>Ruim: 12%<\/li>\n\n\n\n<li>P\u00e9ssimo: 32%<\/li>\n\n\n\n<li>N\u00e3o sabe\/N\u00e3o respondeu: 1%<\/li>\n<\/ul>\n\n\n\n<p><strong>Pesquisas anteriores<\/strong><\/p>\n\n\n\n<p>A CNT fez outras cinco pesquisas de opini\u00e3o desde que Lula assumiu o mandato, em 2023. Na pesquisa anterior, de novembro de 2024, o governo do presidente era reprovado por 30,8%, 13,2 pontos percentuais a menos que no levantamento divulgado nesta quinta.<\/p>\n\n\n\n<p>Al\u00e9m disso, a avalia\u00e7\u00e3o positiva da atual gest\u00e3o de Lula era de 35,5%. Naquele levantamento, 32,1% dos entrevistados tinham uma avalia\u00e7\u00e3o regular.<\/p>\n\n\n\n<p><em>Fonte: noticias r7<\/em><\/p>\n","protected":false},"excerpt":{"rendered":"<p>Pela primeira vez na hist\u00f3ria do levantamento, avalia\u00e7\u00e3o negativa do governo Lula superou a positiva<\/p>\n","protected":false},"author":2,"featured_media":55212,"comment_status":"open","ping_status":"open","sticky":false,"template":"","format":"standard","meta":{"om_disable_all_campaigns":false,"_monsterinsights_skip_tracking":false,"_monsterinsights_sitenote_active":false,"_monsterinsights_sitenote_note":"","_monsterinsights_sitenote_category":0,"footnotes":""},"categories":[34,70,69,21],"tags":[100,71,48,75,4178,4180,129,107,4181,132,230,303,106,203,120,3849,51,109,7828,88,47,111,190],"class_list":["post-69446","post","type-post","status-publish","format-standard","has-post-thumbnail","hentry","category-brasil","category-destaques","category-noticias2","category-politica","tag-adustina","tag-antas","tag-araci","tag-cicero-dantas","tag-cipo-2","tag-crisopolis-2","tag-euclides-da-cunha","tag-fatima","tag-heliopolis-2","tag-itapicuru","tag-jeremoabo","tag-lula","tag-nova-soure","tag-novo-triunfo","tag-olindina","tag-opiniao-publica","tag-paripiranga","tag-quijingue","tag-reprovacao","tag-ribeira-do-amparo","tag-ribeira-do-pombal","tag-sitio-do-quinto","tag-tucano"],"aioseo_notices":[],"_links":{"self":[{"href":"https:\/\/www.portalalerta.com.br\/index.php\/wp-json\/wp\/v2\/posts\/69446","targetHints":{"allow":["GET"]}}],"collection":[{"href":"https:\/\/www.portalalerta.com.br\/index.php\/wp-json\/wp\/v2\/posts"}],"about":[{"href":"https:\/\/www.portalalerta.com.br\/index.php\/wp-json\/wp\/v2\/types\/post"}],"author":[{"embeddable":true,"href":"https:\/\/www.portalalerta.com.br\/index.php\/wp-json\/wp\/v2\/users\/2"}],"replies":[{"embeddable":true,"href":"https:\/\/www.portalalerta.com.br\/index.php\/wp-json\/wp\/v2\/comments?post=69446"}],"version-history":[{"count":1,"href":"https:\/\/www.portalalerta.com.br\/index.php\/wp-json\/wp\/v2\/posts\/69446\/revisions"}],"predecessor-version":[{"id":69447,"href":"https:\/\/www.portalalerta.com.br\/index.php\/wp-json\/wp\/v2\/posts\/69446\/revisions\/69447"}],"wp:featuredmedia":[{"embeddable":true,"href":"https:\/\/www.portalalerta.com.br\/index.php\/wp-json\/wp\/v2\/media\/55212"}],"wp:attachment":[{"href":"https:\/\/www.portalalerta.com.br\/index.php\/wp-json\/wp\/v2\/media?parent=69446"}],"wp:term":[{"taxonomy":"category","embeddable":true,"href":"https:\/\/www.portalalerta.com.br\/index.php\/wp-json\/wp\/v2\/categories?post=69446"},{"taxonomy":"post_tag","embeddable":true,"href":"https:\/\/www.portalalerta.com.br\/index.php\/wp-json\/wp\/v2\/tags?post=69446"}],"curies":[{"name":"wp","href":"https:\/\/api.w.org\/{rel}","templated":true}]}}