{"id":69473,"date":"2025-02-26T07:00:00","date_gmt":"2025-02-26T10:00:00","guid":{"rendered":"https:\/\/www.portalalerta.com.br\/?p=69473"},"modified":"2025-02-25T22:37:00","modified_gmt":"2025-02-26T01:37:00","slug":"defensoria-pede-que-prefeitura-nao-use-reconhecimento-facial-no-carnaval-de-sp","status":"publish","type":"post","link":"https:\/\/www.portalalerta.com.br\/index.php\/2025\/02\/26\/defensoria-pede-que-prefeitura-nao-use-reconhecimento-facial-no-carnaval-de-sp\/","title":{"rendered":"Defensoria pede que prefeitura n\u00e3o use reconhecimento facial no carnaval de SP"},"content":{"rendered":"\n<p>Pedido foi feito ap\u00f3s c\u00e2meras do Smart Sampa reconhecerem traficante da Bahia em bloco de rua na capital paulista<\/p>\n\n\n\n<!--more-->\n\n\n<div class=\"wp-block-image\">\n<figure class=\"alignleft size-large is-resized\"><img fetchpriority=\"high\" decoding=\"async\" src=\"https:\/\/www.portalalerta.com.br\/wp-content\/uploads\/2024\/04\/autoescola-emprego-1024x1024.jpg\" alt=\"\" class=\"wp-image-55693\" width=\"435\" height=\"435\" srcset=\"https:\/\/www.portalalerta.com.br\/wp-content\/uploads\/2024\/04\/autoescola-emprego-1024x1024.jpg 1024w, https:\/\/www.portalalerta.com.br\/wp-content\/uploads\/2024\/04\/autoescola-emprego-240x240.jpg 240w, https:\/\/www.portalalerta.com.br\/wp-content\/uploads\/2024\/04\/autoescola-emprego-768x768.jpg 768w, https:\/\/www.portalalerta.com.br\/wp-content\/uploads\/2024\/04\/autoescola-emprego.jpg 1080w\" sizes=\"(max-width: 435px) 100vw, 435px\" \/><\/figure><\/div>\n\n\n<p>A Defensoria P\u00fablica de S\u00e3o Paulo pediu para a prefeitura n\u00e3o usar as c\u00e2meras de reconhecimento facial do Smart Sampa no carnaval de rua na capital. O \u00f3rg\u00e3o diz que a gest\u00e3o municipal, por meio da Guarda Civil Metropolitana (GCM), n\u00e3o pode \u201ccercear, reprimir ou impedir a liberdade de express\u00e3o&#8221; de indiv\u00edduos que estejam pacificamente em um bloco.&nbsp;<\/p>\n\n\n\n<p>A prefeitura j\u00e1 adiantou que ir\u00e1 recorrer alegando que a GCM tem o dever de realizar a pris\u00e3o de foragidos, mesmo que eventualmente haja foli\u00f5es ao redor.&nbsp;<\/p>\n\n\n\n<p>O pedido da defensoria acontece ap\u00f3s um traficante da Bahia ter sido reconhecido pelas c\u00e2meras e preso durante um bloco de carnaval em S\u00e3o Paulo no \u00faltimo final de semana.&nbsp;<\/p>\n\n\n\n<p>De acordo com a gest\u00e3o, as c\u00e2meras do Smart Sampa t\u00eam como objetivo refor\u00e7ar as a\u00e7\u00f5es de combate \u00e0 criminalidade, fazendo o reconhecimento facial de indiv\u00edduos procurados e foragidos da Justi\u00e7a.&nbsp;<\/p>\n\n\n\n<p><em>Fonte: Band.com.br<\/em><\/p>\n","protected":false},"excerpt":{"rendered":"<p>Pedido foi feito ap\u00f3s c\u00e2meras do Smart Sampa reconhecerem traficante da Bahia em bloco de rua na capital paulista<\/p>\n","protected":false},"author":2,"featured_media":69470,"comment_status":"open","ping_status":"open","sticky":false,"template":"","format":"standard","meta":{"om_disable_all_campaigns":false,"_monsterinsights_skip_tracking":false,"_monsterinsights_sitenote_active":false,"_monsterinsights_sitenote_note":"","_monsterinsights_sitenote_category":0,"footnotes":""},"categories":[34,70,36,69,22],"tags":[100,71,48,448,75,4178,4180,2143,129,107,4181,132,230,106,203,120,51,109,88,47,404,111,7829,190],"class_list":["post-69473","post","type-post","status-publish","format-standard","has-post-thumbnail","hentry","category-brasil","category-destaques","category-lazer","category-noticias2","category-seguranca","tag-adustina","tag-antas","tag-araci","tag-carnaval","tag-cicero-dantas","tag-cipo-2","tag-crisopolis-2","tag-defensoria-publica","tag-euclides-da-cunha","tag-fatima","tag-heliopolis-2","tag-itapicuru","tag-jeremoabo","tag-nova-soure","tag-novo-triunfo","tag-olindina","tag-paripiranga","tag-quijingue","tag-ribeira-do-amparo","tag-ribeira-do-pombal","tag-sao-paulo","tag-sitio-do-quinto","tag-smart-sampa","tag-tucano"],"aioseo_notices":[],"_links":{"self":[{"href":"https:\/\/www.portalalerta.com.br\/index.php\/wp-json\/wp\/v2\/posts\/69473","targetHints":{"allow":["GET"]}}],"collection":[{"href":"https:\/\/www.portalalerta.com.br\/index.php\/wp-json\/wp\/v2\/posts"}],"about":[{"href":"https:\/\/www.portalalerta.com.br\/index.php\/wp-json\/wp\/v2\/types\/post"}],"author":[{"embeddable":true,"href":"https:\/\/www.portalalerta.com.br\/index.php\/wp-json\/wp\/v2\/users\/2"}],"replies":[{"embeddable":true,"href":"https:\/\/www.portalalerta.com.br\/index.php\/wp-json\/wp\/v2\/comments?post=69473"}],"version-history":[{"count":1,"href":"https:\/\/www.portalalerta.com.br\/index.php\/wp-json\/wp\/v2\/posts\/69473\/revisions"}],"predecessor-version":[{"id":69474,"href":"https:\/\/www.portalalerta.com.br\/index.php\/wp-json\/wp\/v2\/posts\/69473\/revisions\/69474"}],"wp:featuredmedia":[{"embeddable":true,"href":"https:\/\/www.portalalerta.com.br\/index.php\/wp-json\/wp\/v2\/media\/69470"}],"wp:attachment":[{"href":"https:\/\/www.portalalerta.com.br\/index.php\/wp-json\/wp\/v2\/media?parent=69473"}],"wp:term":[{"taxonomy":"category","embeddable":true,"href":"https:\/\/www.portalalerta.com.br\/index.php\/wp-json\/wp\/v2\/categories?post=69473"},{"taxonomy":"post_tag","embeddable":true,"href":"https:\/\/www.portalalerta.com.br\/index.php\/wp-json\/wp\/v2\/tags?post=69473"}],"curies":[{"name":"wp","href":"https:\/\/api.w.org\/{rel}","templated":true}]}}