{"id":69475,"date":"2025-02-26T07:01:00","date_gmt":"2025-02-26T10:01:00","guid":{"rendered":"https:\/\/www.portalalerta.com.br\/?p=69475"},"modified":"2025-02-25T22:41:31","modified_gmt":"2025-02-26T01:41:31","slug":"campeonato-municipal-de-futebol-de-ribeira-do-pombal-retorna-apos-14-anos","status":"publish","type":"post","link":"https:\/\/www.portalalerta.com.br\/index.php\/2025\/02\/26\/campeonato-municipal-de-futebol-de-ribeira-do-pombal-retorna-apos-14-anos\/","title":{"rendered":"Campeonato Municipal de Futebol de Ribeira do Pombal retorna ap\u00f3s 14 anos"},"content":{"rendered":"\n<p>Na noite desta ter\u00e7a-feira, o audit\u00f3rio da Secretaria de Educa\u00e7\u00e3o foi palco da cerim\u00f4nia de entrega dos kits esportivos para os times que disputar\u00e3o o Campeonato Municipal Pombalense, que volta a ser realizado ap\u00f3s um hiato de 14 anos. O evento contou com a presen\u00e7a de lideran\u00e7as pol\u00edticas, vereadores, dirigentes esportivos e atletas locais.<\/p>\n\n\n\n<!--more-->\n\n\n<div class=\"wp-block-image\">\n<figure class=\"alignleft size-full\"><img fetchpriority=\"high\" decoding=\"async\" width=\"400\" height=\"500\" src=\"https:\/\/www.portalalerta.com.br\/wp-content\/uploads\/2025\/01\/Liquida-Verao-Real-2025.jpg\" alt=\"\" class=\"wp-image-68486\" srcset=\"https:\/\/www.portalalerta.com.br\/wp-content\/uploads\/2025\/01\/Liquida-Verao-Real-2025.jpg 400w, https:\/\/www.portalalerta.com.br\/wp-content\/uploads\/2025\/01\/Liquida-Verao-Real-2025-192x240.jpg 192w\" sizes=\"(max-width: 400px) 100vw, 400px\" \/><\/figure><\/div>\n\n\n<p>Os times receberam uniformes, bolas e bolsas, refor\u00e7ando o compromisso da gest\u00e3o municipal com o desenvolvimento do esporte na cidade. O prefeito Eriksson Silva destacou que, desde o in\u00edcio da administra\u00e7\u00e3o, um dos pilares tem sido o incentivo ao esporte, citando modalidades j\u00e1 apoiadas, como jiu-jitsu, capoeira, jud\u00f4, Fut7, futsal, v\u00f4lei, Copa Rural e agora o Campeonato Municipal.In\u00edcio e primeiros confrontos<\/p>\n\n\n\n<p>A competi\u00e7\u00e3o come\u00e7a no dia 13 de mar\u00e7o, com jogos sempre \u00e0s quintas e sextas-feiras, \u00e0s 19h15, no Est\u00e1dio Ferreir\u00e3o.<\/p>\n\n\n\n<p>&nbsp;Primeira rodada:<\/p>\n\n\n\n<p>&nbsp;13\/03 \u2013 XV de Outubro&nbsp;&nbsp;Barroc\u00e3o<\/p>\n\n\n\n<p>&nbsp;14\/03 \u2013 Flamengo&nbsp;&nbsp;Boca da Mata.<\/p>\n\n\n\n<p>Times participantes<\/p>\n\n\n\n<p>&nbsp;XV de Outubro&nbsp;Vasco&nbsp;Bahia Pombal&nbsp;Pombalense&nbsp;Flamengo&nbsp;Boca da Mata&nbsp;Santos&nbsp;Barroc\u00e3o&nbsp;Botafogo.<\/p>\n\n\n\n<p>Com o apoio da Prefeitura, a expectativa \u00e9 de um campeonato de alto n\u00edvel, fortalecendo o futebol local e incentivando o surgimento de novos talentos. A bola vai rolar e a emo\u00e7\u00e3o est\u00e1 garantida!<\/p>\n\n\n\n<p><em>Fonte: SECOM\/Ribeira do Pombal<\/em><\/p>\n","protected":false},"excerpt":{"rendered":"<p>Na noite desta ter\u00e7a-feira, o audit\u00f3rio da Secretaria de Educa\u00e7\u00e3o foi palco da cerim\u00f4nia de entrega dos kits esportivos para os times que disputar\u00e3o o Campeonato Municipal Pombalense, que volta a ser realizado ap\u00f3s um hiato de 14 anos. O evento contou com a presen\u00e7a de lideran\u00e7as pol\u00edticas, vereadores, dirigentes esportivos e atletas locais.<\/p>\n","protected":false},"author":2,"featured_media":69471,"comment_status":"open","ping_status":"open","sticky":false,"template":"","format":"standard","meta":{"om_disable_all_campaigns":false,"_monsterinsights_skip_tracking":false,"_monsterinsights_sitenote_active":false,"_monsterinsights_sitenote_note":"","_monsterinsights_sitenote_category":0,"footnotes":""},"categories":[70,2,69,32,3],"tags":[100,71,48,7621,75,4178,4180,96,129,107,97,4181,132,230,106,203,120,51,109,88,47,111,190],"class_list":["post-69475","post","type-post","status-publish","format-standard","has-post-thumbnail","hentry","category-destaques","category-esportes","category-noticias2","category-regiao","category-ribeira-do-pombal","tag-adustina","tag-antas","tag-araci","tag-campeonato-municipal","tag-cicero-dantas","tag-cipo-2","tag-crisopolis-2","tag-esporte","tag-euclides-da-cunha","tag-fatima","tag-futebol","tag-heliopolis-2","tag-itapicuru","tag-jeremoabo","tag-nova-soure","tag-novo-triunfo","tag-olindina","tag-paripiranga","tag-quijingue","tag-ribeira-do-amparo","tag-ribeira-do-pombal","tag-sitio-do-quinto","tag-tucano"],"aioseo_notices":[],"_links":{"self":[{"href":"https:\/\/www.portalalerta.com.br\/index.php\/wp-json\/wp\/v2\/posts\/69475","targetHints":{"allow":["GET"]}}],"collection":[{"href":"https:\/\/www.portalalerta.com.br\/index.php\/wp-json\/wp\/v2\/posts"}],"about":[{"href":"https:\/\/www.portalalerta.com.br\/index.php\/wp-json\/wp\/v2\/types\/post"}],"author":[{"embeddable":true,"href":"https:\/\/www.portalalerta.com.br\/index.php\/wp-json\/wp\/v2\/users\/2"}],"replies":[{"embeddable":true,"href":"https:\/\/www.portalalerta.com.br\/index.php\/wp-json\/wp\/v2\/comments?post=69475"}],"version-history":[{"count":1,"href":"https:\/\/www.portalalerta.com.br\/index.php\/wp-json\/wp\/v2\/posts\/69475\/revisions"}],"predecessor-version":[{"id":69476,"href":"https:\/\/www.portalalerta.com.br\/index.php\/wp-json\/wp\/v2\/posts\/69475\/revisions\/69476"}],"wp:featuredmedia":[{"embeddable":true,"href":"https:\/\/www.portalalerta.com.br\/index.php\/wp-json\/wp\/v2\/media\/69471"}],"wp:attachment":[{"href":"https:\/\/www.portalalerta.com.br\/index.php\/wp-json\/wp\/v2\/media?parent=69475"}],"wp:term":[{"taxonomy":"category","embeddable":true,"href":"https:\/\/www.portalalerta.com.br\/index.php\/wp-json\/wp\/v2\/categories?post=69475"},{"taxonomy":"post_tag","embeddable":true,"href":"https:\/\/www.portalalerta.com.br\/index.php\/wp-json\/wp\/v2\/tags?post=69475"}],"curies":[{"name":"wp","href":"https:\/\/api.w.org\/{rel}","templated":true}]}}