{"id":69477,"date":"2025-02-26T07:02:00","date_gmt":"2025-02-26T10:02:00","guid":{"rendered":"https:\/\/www.portalalerta.com.br\/?p=69477"},"modified":"2025-02-26T07:55:35","modified_gmt":"2025-02-26T10:55:35","slug":"lula-demite-nisia-trindade-e-confirma-padilha-na-saude","status":"publish","type":"post","link":"https:\/\/www.portalalerta.com.br\/index.php\/2025\/02\/26\/lula-demite-nisia-trindade-e-confirma-padilha-na-saude\/","title":{"rendered":"Lula demite N\u00edsia Trindade e confirma Padilha na Sa\u00fade"},"content":{"rendered":"\n<p>Alexandre Padilha, atualmente, no comando da Secretaria de Rela\u00e7\u00f5es Institucionais, assumir\u00e1 posto<\/p>\n\n\n\n<!--more-->\n\n\n\n<p>O presidente Luiz In\u00e1cio Lula da Silva (PT) demitiu, nesta ter\u00e7a-feira (25),&nbsp;N\u00edsia Trindade&nbsp;do&nbsp;Minist\u00e9rio da Sa\u00fade. Essa \u00e9 a oitava&nbsp;troca na Esplanada&nbsp;dos Minist\u00e9rios no&nbsp;terceiro mandato&nbsp;de Lula. A informa\u00e7\u00e3o foi confirmada pelo \u00e2ncora da&nbsp;CNN&nbsp;Iuri Pitta.<\/p>\n\n\n<div class=\"wp-block-image\">\n<figure class=\"alignleft size-large is-resized\"><img fetchpriority=\"high\" decoding=\"async\" src=\"https:\/\/www.portalalerta.com.br\/wp-content\/uploads\/2024\/12\/Sabino-Carrinho-de-mao-1024x1024.jpeg\" alt=\"\" class=\"wp-image-65525\" width=\"435\" height=\"435\" srcset=\"https:\/\/www.portalalerta.com.br\/wp-content\/uploads\/2024\/12\/Sabino-Carrinho-de-mao-1024x1024.jpeg 1024w, https:\/\/www.portalalerta.com.br\/wp-content\/uploads\/2024\/12\/Sabino-Carrinho-de-mao-240x240.jpeg 240w, https:\/\/www.portalalerta.com.br\/wp-content\/uploads\/2024\/12\/Sabino-Carrinho-de-mao-768x768.jpeg 768w, https:\/\/www.portalalerta.com.br\/wp-content\/uploads\/2024\/12\/Sabino-Carrinho-de-mao.jpeg 1080w\" sizes=\"(max-width: 435px) 100vw, 435px\" \/><\/figure><\/div>\n\n\n<p>Como antecipou a&nbsp;CNN, o ministro-chefe da Secretaria de Rela\u00e7\u00f5es Institucionais,&nbsp;<a href=\"https:\/\/www.cnnbrasil.com.br\/blogs\/pedro-duran\/politica\/lula-avisa-aliados-que-escolheu-padilha-para-a-saude\/\">Alexandre Padilha, assumir\u00e1 o comando da Sa\u00fade<\/a>. Sua posse ser\u00e1 no dia 6 de mar\u00e7o, conforme anunciado pelo Pal\u00e1cio do Planalto.<\/p>\n\n\n\n<p>No cargo desde o in\u00edcio do governo, N\u00edsia vinha enfrentando press\u00f5es para imprimir um vi\u00e9s mais pol\u00edtico \u00e0 pasta e concretizar entregas consideradas priorit\u00e1rias por Lula.<\/p>\n\n\n\n<p>No in\u00edcio do ano, as&nbsp;<a href=\"https:\/\/www.cnnbrasil.com.br\/blogs\/debora-bergamasco\/politica\/aliados-de-nisia-se-queixam-de-abandono-por-governo-e-pt\/\">cobran\u00e7as se intensificaram<\/a>&nbsp;em diversas reuni\u00f5es fechadas entre a ministra e o presidente, no Pal\u00e1cio do Planalto.<\/p>\n\n\n\n<p>O entorno de N\u00edsia chegou a reclamar do \u201cabandono\u201d das mulheres do governo e do PT na defesa de sua perman\u00eancia \u00e0 frente da pasta, segundo apurou a&nbsp;CNN.<\/p>\n\n\n\n<p><\/p>\n\n\n\n<p>Primeira mulher a chefiar o&nbsp;Minist\u00e9rio da Sa\u00fade, N\u00edsia foi anunciada por Lula ainda na transi\u00e7\u00e3o de governo, em dezembro de 2022. Anteriormente, ela havia presidido a Funda\u00e7\u00e3o Oswaldo Cruz (Fiocruz).<\/p>\n\n\n\n<p>Na institui\u00e7\u00e3o, N\u00edsia coordenou as a\u00e7\u00f5es de enfrentamento \u00e0&nbsp;pandemia de Covid-19 no Brasil, al\u00e9m de criar o \u201cObservat\u00f3rio Covid-19\u201d, uma iniciativa com o objetivo de monitorar e divulgar informa\u00e7\u00f5es e not\u00edcias sobre a pandemia e seus impactos no pa\u00eds.<\/p>\n\n\n\n<p><em>Fonte: CNN Brasil<\/em><\/p>\n","protected":false},"excerpt":{"rendered":"<p>Alexandre Padilha, atualmente, no comando da Secretaria de Rela\u00e7\u00f5es Institucionais, assumir\u00e1 posto<\/p>\n","protected":false},"author":2,"featured_media":69472,"comment_status":"open","ping_status":"open","sticky":false,"template":"","format":"standard","meta":{"om_disable_all_campaigns":false,"_monsterinsights_skip_tracking":false,"_monsterinsights_sitenote_active":false,"_monsterinsights_sitenote_note":"","_monsterinsights_sitenote_category":0,"footnotes":""},"categories":[34,70,69,21,19],"tags":[100,4344,71,48,93,75,4178,4180,616,129,107,4181,132,230,303,635,6172,106,203,120,51,109,88,47,111,190],"class_list":["post-69477","post","type-post","status-publish","format-standard","has-post-thumbnail","hentry","category-brasil","category-destaques","category-noticias2","category-politica","category-saude","tag-adustina","tag-alexandre-padilha","tag-antas","tag-araci","tag-brasil","tag-cicero-dantas","tag-cipo-2","tag-crisopolis-2","tag-demissao","tag-euclides-da-cunha","tag-fatima","tag-heliopolis-2","tag-itapicuru","tag-jeremoabo","tag-lula","tag-ministerio-da-saude","tag-nisia-trindade","tag-nova-soure","tag-novo-triunfo","tag-olindina","tag-paripiranga","tag-quijingue","tag-ribeira-do-amparo","tag-ribeira-do-pombal","tag-sitio-do-quinto","tag-tucano"],"aioseo_notices":[],"_links":{"self":[{"href":"https:\/\/www.portalalerta.com.br\/index.php\/wp-json\/wp\/v2\/posts\/69477","targetHints":{"allow":["GET"]}}],"collection":[{"href":"https:\/\/www.portalalerta.com.br\/index.php\/wp-json\/wp\/v2\/posts"}],"about":[{"href":"https:\/\/www.portalalerta.com.br\/index.php\/wp-json\/wp\/v2\/types\/post"}],"author":[{"embeddable":true,"href":"https:\/\/www.portalalerta.com.br\/index.php\/wp-json\/wp\/v2\/users\/2"}],"replies":[{"embeddable":true,"href":"https:\/\/www.portalalerta.com.br\/index.php\/wp-json\/wp\/v2\/comments?post=69477"}],"version-history":[{"count":1,"href":"https:\/\/www.portalalerta.com.br\/index.php\/wp-json\/wp\/v2\/posts\/69477\/revisions"}],"predecessor-version":[{"id":69479,"href":"https:\/\/www.portalalerta.com.br\/index.php\/wp-json\/wp\/v2\/posts\/69477\/revisions\/69479"}],"wp:featuredmedia":[{"embeddable":true,"href":"https:\/\/www.portalalerta.com.br\/index.php\/wp-json\/wp\/v2\/media\/69472"}],"wp:attachment":[{"href":"https:\/\/www.portalalerta.com.br\/index.php\/wp-json\/wp\/v2\/media?parent=69477"}],"wp:term":[{"taxonomy":"category","embeddable":true,"href":"https:\/\/www.portalalerta.com.br\/index.php\/wp-json\/wp\/v2\/categories?post=69477"},{"taxonomy":"post_tag","embeddable":true,"href":"https:\/\/www.portalalerta.com.br\/index.php\/wp-json\/wp\/v2\/tags?post=69477"}],"curies":[{"name":"wp","href":"https:\/\/api.w.org\/{rel}","templated":true}]}}