{"id":69495,"date":"2025-02-26T22:33:22","date_gmt":"2025-02-27T01:33:22","guid":{"rendered":"https:\/\/www.portalalerta.com.br\/?p=69495"},"modified":"2025-02-26T22:33:23","modified_gmt":"2025-02-27T01:33:23","slug":"hamas-entrega-4-corpos-de-refens-israelenses-a-cruz-vermelha-diz-fonte","status":"publish","type":"post","link":"https:\/\/www.portalalerta.com.br\/index.php\/2025\/02\/26\/hamas-entrega-4-corpos-de-refens-israelenses-a-cruz-vermelha-diz-fonte\/","title":{"rendered":"Hamas entrega 4 corpos de ref\u00e9ns israelenses \u00e0 Cruz Vermelha, diz fonte"},"content":{"rendered":"\n<p>Troca desta semana seria a \u00faltima sob a primeira fase do acordo de cessar-fogo com Israel; oficialmente tr\u00e9gua terminaria neste s\u00e1bado (1\u00ba)<\/p>\n\n\n\n<!--more-->\n\n\n\n<p>Um oficial de seguran\u00e7a de Israel disse que o Hamas entregou quatro corpos de ref\u00e9ns israelenses para a Cruz Vermelha. Espera-se que Israel liberte centenas de prisioneiros palestinos nas pr\u00f3ximas horas.<\/p>\n\n\n\n<p>Esta \u00e9 a&nbsp;<a href=\"https:\/\/www.cnnbrasil.com.br\/internacional\/israel-e-hamas-chegam-a-acordo-para-nova-troca-de-refens\/\">liberta\u00e7\u00e3o final de ref\u00e9ns e prisioneiros palestinos<\/a>&nbsp;sob a primeira fase do acordo de cessar-fogo que o Hamas e Israel concordaram no m\u00eas passado.<\/p>\n\n\n\n<p>Oficialmente, a tr\u00e9gua termina neste s\u00e1bado (1\u00ba). N\u00e3o est\u00e1 claro se as negocia\u00e7\u00f5es sobre a extens\u00e3o do cessar-fogo come\u00e7aram.<\/p>\n\n\n\n<p>Os corpos liberados pelo Hamas nas primeiras horas desta quinta-feira (27), no hor\u00e1rio local, ainda n\u00e3o foram identificados.<\/p>\n\n\n\n<p>Anteriormente, Israel disse que enviaria uma equipe de especialistas do Centro Nacional de Medicina Forense para a passagem de fronteira de Kerem Shalom \u201cpara ajudar a identificar os ref\u00e9ns falecidos\u201d.<\/p>\n\n\n\n<p>Uma autoridade israelense disse anteriormente \u00e0&nbsp;CNN&nbsp;que n\u00e3o liberaria os prisioneiros palestinos at\u00e9 que tivesse identificado os corpos dos ref\u00e9ns.<\/p>\n\n\n\n<p>Uma libera\u00e7\u00e3o anterior causou alvoro\u00e7o quando um dos corpos entregues pelo Hamas \u2014 que deveria ser o da<a href=\"https:\/\/www.cnnbrasil.com.br\/internacional\/funeral-dos-refens-mais-jovens-da-familia-bibas-e-realizado-em-israel\/\">&nbsp;ref\u00e9m Shiri Bibas<\/a>&nbsp;\u2014 foi encontrado, em vez disso, como sendo o de uma mulher de Gaza n\u00e3o identificada. Mais tarde, o Hamas culpou uma confus\u00e3o e devolveu o corpo de Bibas.<\/p>\n\n\n<div class=\"wp-block-image\">\n<figure class=\"alignleft size-full\"><img fetchpriority=\"high\" decoding=\"async\" width=\"400\" height=\"500\" src=\"https:\/\/www.portalalerta.com.br\/wp-content\/uploads\/2025\/01\/Liquida-Verao-Real-2025.jpg\" alt=\"\" class=\"wp-image-68486\" srcset=\"https:\/\/www.portalalerta.com.br\/wp-content\/uploads\/2025\/01\/Liquida-Verao-Real-2025.jpg 400w, https:\/\/www.portalalerta.com.br\/wp-content\/uploads\/2025\/01\/Liquida-Verao-Real-2025-192x240.jpg 192w\" sizes=\"(max-width: 400px) 100vw, 400px\" \/><\/figure><\/div>\n\n\n<p>Se os quatro corpos forem identificados como pertencentes aos ref\u00e9ns, a libera\u00e7\u00e3o significaria que o Hamas e seus aliados agora mant\u00eam 59 prisioneiros, de acordo com n\u00fameros israelenses. Destes, mais da metade \u00e9 considerada morta pelo governo israelense.<\/p>\n\n\n\n<p>A&nbsp;<a href=\"https:\/\/www.cnnbrasil.com.br\/internacional\/grupo-aliado-ao-hamas-diz-que-vai-liberar-corpo-de-refem-israelense\/\">ala militar do Hamas, as Brigadas Qassam<\/a>, disse mais cedo nesta quarta-feira que os restos mortais de Tsachi Idan, Itzhak Elgarat, Ohad Yahalomi e Shlomo Mantzur seriam entregues.<\/p>\n\n\n\n<p>O ex\u00e9rcito israelense afirmou anteriormente que Mantzur, que aos 85 anos era o ref\u00e9m mais velho feito em 7 de outubro de 2023, foi morto durante o ataque liderado pelo Hamas e seu corpo foi mantido em Gaza. N\u00e3o houve confirma\u00e7\u00e3o das mortes dos outros ref\u00e9ns.<\/p>\n\n\n\n<p>A \u00faltima transfer\u00eancia foi realizada em privado depois que o gabinete do primeiro-ministro israelense disse que um acordo havia sido alcan\u00e7ado para que os quatro corpos fossem devolvidos \u201cem um procedimento acordado e sem cerim\u00f4nias do Hamas\u201d.<\/p>\n\n\n\n<p>A entrega estava em d\u00favida desde s\u00e1bado, quando Israel n\u00e3o libertou 620 prisioneiros palestinos em protesto contra o que disse serem \u201ccerim\u00f4nias humilhantes\u201d conduzidas pelo Hamas durante libera\u00e7\u00f5es anteriores.<\/p>\n\n\n\n<p>No s\u00e1bado anterior, o Hamas libertou seis ref\u00e9ns israelenses de Gaza em duas cerim\u00f4nias p\u00fablicas e uma transfer\u00eancia privada, no que foi o retorno final de ref\u00e9ns vivos na primeira fase de um acordo de cessar-fogo que come\u00e7ou no m\u00eas passado.<\/p>\n\n\n\n<p>Entre os palestinos que devem ser soltos est\u00e1 Nael Barghouti, o prisioneiro pol\u00edtico palestino mais antigo. Nael foi preso pela primeira vez em 1978 e acusado de se envolver em ataques contra o ex\u00e9rcito israelense.<\/p>\n\n\n\n<p>Ele foi solto em um acordo entre Israel e o Hamas de 2011, que viu 1.100 palestinos trocados por um soldado israelense mantido pelo Hamas por cinco anos, Gilad Shalit.<\/p>\n\n\n\n<p>Nael foi preso novamente pelas for\u00e7as israelenses em 2014 por \u201cfilia\u00e7\u00e3o ao Hamas\u201d, de acordo com a m\u00eddia israelense, e desde ent\u00e3o est\u00e1 cumprindo pena perp\u00e9tua.<\/p>\n\n\n\n<p><em>Fonte: CNN Brasil<\/em><\/p>\n","protected":false},"excerpt":{"rendered":"<p>Troca desta semana seria a \u00faltima sob a primeira fase do acordo de cessar-fogo com Israel; oficialmente tr\u00e9gua terminaria neste s\u00e1bado (1\u00ba)<\/p>\n","protected":false},"author":2,"featured_media":69491,"comment_status":"open","ping_status":"open","sticky":false,"template":"","format":"standard","meta":{"om_disable_all_campaigns":false,"_monsterinsights_skip_tracking":false,"_monsterinsights_sitenote_active":false,"_monsterinsights_sitenote_note":"","_monsterinsights_sitenote_category":0,"footnotes":""},"categories":[70,35,69],"tags":[100,71,48,75,4178,4180,129,107,2517,4181,858,132,230,608,106,203,120,51,109,4026,88,47,111,190],"class_list":["post-69495","post","type-post","status-publish","format-standard","has-post-thumbnail","hentry","category-destaques","category-mundo","category-noticias2","tag-adustina","tag-antas","tag-araci","tag-cicero-dantas","tag-cipo-2","tag-crisopolis-2","tag-euclides-da-cunha","tag-fatima","tag-hamas","tag-heliopolis-2","tag-israel","tag-itapicuru","tag-jeremoabo","tag-mortos","tag-nova-soure","tag-novo-triunfo","tag-olindina","tag-paripiranga","tag-quijingue","tag-refens","tag-ribeira-do-amparo","tag-ribeira-do-pombal","tag-sitio-do-quinto","tag-tucano"],"aioseo_notices":[],"_links":{"self":[{"href":"https:\/\/www.portalalerta.com.br\/index.php\/wp-json\/wp\/v2\/posts\/69495","targetHints":{"allow":["GET"]}}],"collection":[{"href":"https:\/\/www.portalalerta.com.br\/index.php\/wp-json\/wp\/v2\/posts"}],"about":[{"href":"https:\/\/www.portalalerta.com.br\/index.php\/wp-json\/wp\/v2\/types\/post"}],"author":[{"embeddable":true,"href":"https:\/\/www.portalalerta.com.br\/index.php\/wp-json\/wp\/v2\/users\/2"}],"replies":[{"embeddable":true,"href":"https:\/\/www.portalalerta.com.br\/index.php\/wp-json\/wp\/v2\/comments?post=69495"}],"version-history":[{"count":1,"href":"https:\/\/www.portalalerta.com.br\/index.php\/wp-json\/wp\/v2\/posts\/69495\/revisions"}],"predecessor-version":[{"id":69496,"href":"https:\/\/www.portalalerta.com.br\/index.php\/wp-json\/wp\/v2\/posts\/69495\/revisions\/69496"}],"wp:featuredmedia":[{"embeddable":true,"href":"https:\/\/www.portalalerta.com.br\/index.php\/wp-json\/wp\/v2\/media\/69491"}],"wp:attachment":[{"href":"https:\/\/www.portalalerta.com.br\/index.php\/wp-json\/wp\/v2\/media?parent=69495"}],"wp:term":[{"taxonomy":"category","embeddable":true,"href":"https:\/\/www.portalalerta.com.br\/index.php\/wp-json\/wp\/v2\/categories?post=69495"},{"taxonomy":"post_tag","embeddable":true,"href":"https:\/\/www.portalalerta.com.br\/index.php\/wp-json\/wp\/v2\/tags?post=69495"}],"curies":[{"name":"wp","href":"https:\/\/api.w.org\/{rel}","templated":true}]}}