{"id":69497,"date":"2025-02-26T22:37:12","date_gmt":"2025-02-27T01:37:12","guid":{"rendered":"https:\/\/www.portalalerta.com.br\/?p=69497"},"modified":"2025-02-27T00:04:11","modified_gmt":"2025-02-27T03:04:11","slug":"homem-e-preso-suspeito-de-envolvimento-em-assassinato-de-casal-em-araci","status":"publish","type":"post","link":"https:\/\/www.portalalerta.com.br\/index.php\/2025\/02\/26\/homem-e-preso-suspeito-de-envolvimento-em-assassinato-de-casal-em-araci\/","title":{"rendered":"Homem \u00e9 preso suspeito de envolvimento em assassinato de casal em Araci-BA"},"content":{"rendered":"\n<p>A pol\u00edcia prendeu um homem de 29 anos, na ter\u00e7a-feira (25), por suspeita de envolvimento em um duplo homic\u00eddio na cidade de Araci, regi\u00e3o sisaleira da Bahia. O crime ocorreu em 7 de janeiro deste ano, na zona rural do mesmo munic\u00edpio. Segundo a pol\u00edcia, a motiva\u00e7\u00e3o foi o tr\u00e1fico de drogas.<\/p>\n\n\n\n<!--more-->\n\n\n<div class=\"wp-block-image\">\n<figure class=\"alignleft size-large is-resized\"><img fetchpriority=\"high\" decoding=\"async\" src=\"https:\/\/www.portalalerta.com.br\/wp-content\/uploads\/2024\/12\/Sabino-Carrinho-de-mao-1024x1024.jpeg\" alt=\"\" class=\"wp-image-65525\" width=\"435\" height=\"435\" srcset=\"https:\/\/www.portalalerta.com.br\/wp-content\/uploads\/2024\/12\/Sabino-Carrinho-de-mao-1024x1024.jpeg 1024w, https:\/\/www.portalalerta.com.br\/wp-content\/uploads\/2024\/12\/Sabino-Carrinho-de-mao-240x240.jpeg 240w, https:\/\/www.portalalerta.com.br\/wp-content\/uploads\/2024\/12\/Sabino-Carrinho-de-mao-768x768.jpeg 768w, https:\/\/www.portalalerta.com.br\/wp-content\/uploads\/2024\/12\/Sabino-Carrinho-de-mao.jpeg 1080w\" sizes=\"(max-width: 435px) 100vw, 435px\" \/><\/figure><\/div>\n\n\n<p>As v\u00edtimas, identificadas como <strong><a href=\"https:\/\/www.portalalerta.com.br\/index.php\/2025\/01\/09\/casal-e-assassinado-a-tiros-dentro-de-casa-e-araci-ba-registra-os-primeiros-homicidios-do-ano\/\" title=\"\">Denise Novaes de Sousa, de 24 anos, e Rodrigo Santos do Nascimento, de 25 anos, foram encontradas em uma casa aparentemente abandonada, que pertencia \u00e0 tia do homem.<\/a><\/strong> Policiais militares chegaram ao local ap\u00f3s den\u00fancias de pessoas que ouviram os tiros.<\/p>\n\n\n\n<p>Segundo o delegado titular da Delegacia Territorial de Araci, Hidelbrando Alves, a participa\u00e7\u00e3o do suspeito foi comprovada ap\u00f3s ele ativar um chip no aparelho celular que pertencia a Denise Novaes, dias ap\u00f3s o crime.<\/p>\n\n\n\n<p>\u201cNo dia 12, ele inseriu um chip, que estava em nome dele, no celular da mo\u00e7a assassinada. Diante dessa prova t\u00e9cnica, foi representada a pris\u00e3o preventiva\u201d, explicou.<\/p>\n\n\n\n<p>Durante as investiga\u00e7\u00f5es, a pol\u00edcia identificou que, na casa onde o casal foi encontrado, alguns c\u00f4modos estavam escavados e em um deles havia um balde supostamente utilizado para armazenar drogas.<\/p>\n\n\n\n<p>O suspeito est\u00e1 custodiado na Delegacia de Serrinha e segue \u00e0 disposi\u00e7\u00e3o da Justi\u00e7a.<\/p>\n\n\n\n<p><em>Fonte: Not\u00edcias de Santa Luz<\/em><\/p>\n","protected":false},"excerpt":{"rendered":"<p>A pol\u00edcia prendeu um homem de 29 anos, na ter\u00e7a-feira (25), por suspeita de envolvimento em um duplo homic\u00eddio na cidade de Araci, regi\u00e3o sisaleira da Bahia. O crime ocorreu em 7 de janeiro deste ano, na zona rural do mesmo munic\u00edpio. Segundo a pol\u00edcia, a motiva\u00e7\u00e3o foi o tr\u00e1fico de drogas.<\/p>\n","protected":false},"author":2,"featured_media":33427,"comment_status":"open","ping_status":"open","sticky":false,"template":"","format":"standard","meta":{"om_disable_all_campaigns":false,"_monsterinsights_skip_tracking":false,"_monsterinsights_sitenote_active":false,"_monsterinsights_sitenote_note":"","_monsterinsights_sitenote_category":0,"footnotes":""},"categories":[41,70,69,32,22],"tags":[100,71,48,75,4178,4180,129,107,4181,258,206,132,230,106,203,120,51,122,77,109,88,47,111,190],"class_list":["post-69497","post","type-post","status-publish","format-standard","has-post-thumbnail","hentry","category-araci","category-destaques","category-noticias2","category-regiao","category-seguranca","tag-adustina","tag-antas","tag-araci","tag-cicero-dantas","tag-cipo-2","tag-crisopolis-2","tag-euclides-da-cunha","tag-fatima","tag-heliopolis-2","tag-homicida","tag-homicidio","tag-itapicuru","tag-jeremoabo","tag-nova-soure","tag-novo-triunfo","tag-olindina","tag-paripiranga","tag-policia-civil","tag-preso","tag-quijingue","tag-ribeira-do-amparo","tag-ribeira-do-pombal","tag-sitio-do-quinto","tag-tucano"],"aioseo_notices":[],"_links":{"self":[{"href":"https:\/\/www.portalalerta.com.br\/index.php\/wp-json\/wp\/v2\/posts\/69497","targetHints":{"allow":["GET"]}}],"collection":[{"href":"https:\/\/www.portalalerta.com.br\/index.php\/wp-json\/wp\/v2\/posts"}],"about":[{"href":"https:\/\/www.portalalerta.com.br\/index.php\/wp-json\/wp\/v2\/types\/post"}],"author":[{"embeddable":true,"href":"https:\/\/www.portalalerta.com.br\/index.php\/wp-json\/wp\/v2\/users\/2"}],"replies":[{"embeddable":true,"href":"https:\/\/www.portalalerta.com.br\/index.php\/wp-json\/wp\/v2\/comments?post=69497"}],"version-history":[{"count":3,"href":"https:\/\/www.portalalerta.com.br\/index.php\/wp-json\/wp\/v2\/posts\/69497\/revisions"}],"predecessor-version":[{"id":69550,"href":"https:\/\/www.portalalerta.com.br\/index.php\/wp-json\/wp\/v2\/posts\/69497\/revisions\/69550"}],"wp:featuredmedia":[{"embeddable":true,"href":"https:\/\/www.portalalerta.com.br\/index.php\/wp-json\/wp\/v2\/media\/33427"}],"wp:attachment":[{"href":"https:\/\/www.portalalerta.com.br\/index.php\/wp-json\/wp\/v2\/media?parent=69497"}],"wp:term":[{"taxonomy":"category","embeddable":true,"href":"https:\/\/www.portalalerta.com.br\/index.php\/wp-json\/wp\/v2\/categories?post=69497"},{"taxonomy":"post_tag","embeddable":true,"href":"https:\/\/www.portalalerta.com.br\/index.php\/wp-json\/wp\/v2\/tags?post=69497"}],"curies":[{"name":"wp","href":"https:\/\/api.w.org\/{rel}","templated":true}]}}