{"id":69697,"date":"2025-03-04T18:54:41","date_gmt":"2025-03-04T21:54:41","guid":{"rendered":"https:\/\/www.portalalerta.com.br\/?p=69697"},"modified":"2025-03-04T18:54:43","modified_gmt":"2025-03-04T21:54:43","slug":"dois-cruzeiros-chegam-a-salvador-com-7-709-passageiros-para-ultimo-dia-de-carnaval","status":"publish","type":"post","link":"https:\/\/www.portalalerta.com.br\/index.php\/2025\/03\/04\/dois-cruzeiros-chegam-a-salvador-com-7-709-passageiros-para-ultimo-dia-de-carnaval\/","title":{"rendered":"Dois cruzeiros chegam a Salvador com 7.709 passageiros para \u00faltimo dia de Carnaval"},"content":{"rendered":"\n<p>Os turistas ser\u00e3o recebidos pelo receptivo da Secretaria Municipal de Cultura e Turismo (Secult).<\/p>\n\n\n\n<!--more-->\n\n\n\n<p>Nesta ter\u00e7a (4), 7.709 turistas chegam a Salvador em dois cruzeiros para curtir o \u00faltimo dia do Carnaval na capital baiana.<\/p>\n\n\n\n<p>O primeiro navio chegou \u00e0s 8h e o segundo para est\u00e1 previsto para 11h. Os turistas ser\u00e3o recebidos pelo receptivo da Secretaria Municipal de Cultura e Turismo (Secult), com muita energia e ax\u00e9, al\u00e9m da comitiva liderada pela vice-prefeita e titular da pasta, Ana Paula Matos.<br>&nbsp;<br>Os passageiros do MSC Grandiosa, que desembarcaram \u00e0s 8h, poder\u00e3o curtir a capital baiana at\u00e9 17h. J\u00e1 o navio MSC Orchestra tem o desembarque previsto para as 11h e s\u00f3 deixa a cidade \u00e0s 12h da Quarta-feira de Cinzas (5).<\/p>\n\n\n\n<p><em>Fonte: Metro 1<\/em><\/p>\n","protected":false},"excerpt":{"rendered":"<p>Os turistas ser\u00e3o recebidos pelo receptivo da Secretaria Municipal de Cultura e Turismo (Secult).<\/p>\n","protected":false},"author":2,"featured_media":69688,"comment_status":"open","ping_status":"open","sticky":false,"template":"","format":"standard","meta":{"om_disable_all_campaigns":false,"_monsterinsights_skip_tracking":false,"_monsterinsights_sitenote_active":false,"_monsterinsights_sitenote_note":"","_monsterinsights_sitenote_category":0,"footnotes":""},"categories":[33,70,36,69],"tags":[100,71,48,7841,75,4178,4180,2084,129,107,4181,132,230,106,203,120,51,109,88,47,330,111,190],"class_list":["post-69697","post","type-post","status-publish","format-standard","has-post-thumbnail","hentry","category-bahia","category-destaques","category-lazer","category-noticias2","tag-adustina","tag-antas","tag-araci","tag-carnaval-2025","tag-cicero-dantas","tag-cipo-2","tag-crisopolis-2","tag-cruzeiro","tag-euclides-da-cunha","tag-fatima","tag-heliopolis-2","tag-itapicuru","tag-jeremoabo","tag-nova-soure","tag-novo-triunfo","tag-olindina","tag-paripiranga","tag-quijingue","tag-ribeira-do-amparo","tag-ribeira-do-pombal","tag-salvador","tag-sitio-do-quinto","tag-tucano"],"aioseo_notices":[],"_links":{"self":[{"href":"https:\/\/www.portalalerta.com.br\/index.php\/wp-json\/wp\/v2\/posts\/69697","targetHints":{"allow":["GET"]}}],"collection":[{"href":"https:\/\/www.portalalerta.com.br\/index.php\/wp-json\/wp\/v2\/posts"}],"about":[{"href":"https:\/\/www.portalalerta.com.br\/index.php\/wp-json\/wp\/v2\/types\/post"}],"author":[{"embeddable":true,"href":"https:\/\/www.portalalerta.com.br\/index.php\/wp-json\/wp\/v2\/users\/2"}],"replies":[{"embeddable":true,"href":"https:\/\/www.portalalerta.com.br\/index.php\/wp-json\/wp\/v2\/comments?post=69697"}],"version-history":[{"count":2,"href":"https:\/\/www.portalalerta.com.br\/index.php\/wp-json\/wp\/v2\/posts\/69697\/revisions"}],"predecessor-version":[{"id":69699,"href":"https:\/\/www.portalalerta.com.br\/index.php\/wp-json\/wp\/v2\/posts\/69697\/revisions\/69699"}],"wp:featuredmedia":[{"embeddable":true,"href":"https:\/\/www.portalalerta.com.br\/index.php\/wp-json\/wp\/v2\/media\/69688"}],"wp:attachment":[{"href":"https:\/\/www.portalalerta.com.br\/index.php\/wp-json\/wp\/v2\/media?parent=69697"}],"wp:term":[{"taxonomy":"category","embeddable":true,"href":"https:\/\/www.portalalerta.com.br\/index.php\/wp-json\/wp\/v2\/categories?post=69697"},{"taxonomy":"post_tag","embeddable":true,"href":"https:\/\/www.portalalerta.com.br\/index.php\/wp-json\/wp\/v2\/tags?post=69697"}],"curies":[{"name":"wp","href":"https:\/\/api.w.org\/{rel}","templated":true}]}}