{"id":69723,"date":"2025-03-04T22:51:36","date_gmt":"2025-03-05T01:51:36","guid":{"rendered":"https:\/\/www.portalalerta.com.br\/?p=69723"},"modified":"2025-03-04T22:51:37","modified_gmt":"2025-03-05T01:51:37","slug":"policia-contem-homem-em-surto-psicotico-e-apreende-arma-de-fogo-em-jeremoabo-ba","status":"publish","type":"post","link":"https:\/\/www.portalalerta.com.br\/index.php\/2025\/03\/04\/policia-contem-homem-em-surto-psicotico-e-apreende-arma-de-fogo-em-jeremoabo-ba\/","title":{"rendered":"Pol\u00edcia cont\u00e9m homem em surto psic\u00f3tico e apreende arma de fogo, em Jeremoabo-BA"},"content":{"rendered":"\n<p>Por volta das 15h15 do \u00faltimo domingo (02), policiais militares de Jeremoabo-BA foram acionados &nbsp;pelo SAMU para prestar apoio em uma ocorr\u00eancia envolvendo um homem em surto psic\u00f3tico, que portava uma arma de fogo.<\/p>\n\n\n\n<!--more-->\n\n\n<div class=\"wp-block-image\">\n<figure class=\"alignleft size-full is-resized\"><img fetchpriority=\"high\" decoding=\"async\" src=\"https:\/\/www.portalalerta.com.br\/wp-content\/uploads\/2025\/01\/Liquida-Verao-Real-2025.jpg\" alt=\"\" class=\"wp-image-68486\" width=\"379\" height=\"474\" srcset=\"https:\/\/www.portalalerta.com.br\/wp-content\/uploads\/2025\/01\/Liquida-Verao-Real-2025.jpg 400w, https:\/\/www.portalalerta.com.br\/wp-content\/uploads\/2025\/01\/Liquida-Verao-Real-2025-192x240.jpg 192w\" sizes=\"(max-width: 379px) 100vw, 379px\" \/><\/figure><\/div>\n\n\n<p>Ao chegar ao local, o indiv\u00edduo se refugiou no quintal da resid\u00eancia, e a m\u00e3e confirmou que ele estava armado. Ap\u00f3s diversas tentativas de di\u00e1logo sem sucesso, foi necess\u00e1rio um disparo de alerta, o que fez com que o suspeito largasse a arma, uma garrucha calibre .32, marca Rossi, com uma muni\u00e7\u00e3o intacta.<\/p>\n\n\n\n<p>O homem foi algemado e conduzido \u00e0 VTR do SAMU, onde recebeu medica\u00e7\u00e3o sedativa antes de ser encaminhado ao HGJ para atendimento m\u00e9dico.<\/p>\n\n\n\n<p>A guarni\u00e7\u00e3o seguiu \u00e0 Delegacia Territorial, onde o delegado optou por abrir um procedimento de oitiva por portaria, liberando o indiv\u00edduo para sua m\u00e3e ap\u00f3s a alta m\u00e9dica.<br><em>Fonte: 20\u00ba BPM<\/em><\/p>\n","protected":false},"excerpt":{"rendered":"<p>Por volta das 15h15 do \u00faltimo domingo (02), policiais militares de Jeremoabo-BA foram acionados &nbsp;pelo SAMU para prestar apoio em uma ocorr\u00eancia envolvendo um homem em surto psic\u00f3tico, que portava uma arma de fogo.<\/p>\n","protected":false},"author":2,"featured_media":69716,"comment_status":"open","ping_status":"open","sticky":false,"template":"","format":"standard","meta":{"om_disable_all_campaigns":false,"_monsterinsights_skip_tracking":false,"_monsterinsights_sitenote_active":false,"_monsterinsights_sitenote_note":"","_monsterinsights_sitenote_category":0,"footnotes":""},"categories":[70,9,69,32,22],"tags":[100,71,48,75,4178,4180,129,107,4181,132,230,106,203,120,51,79,1769,109,88,47,585,111,7842,190],"class_list":["post-69723","post","type-post","status-publish","format-standard","has-post-thumbnail","hentry","category-destaques","category-jeremoabo","category-noticias2","category-regiao","category-seguranca","tag-adustina","tag-antas","tag-araci","tag-cicero-dantas","tag-cipo-2","tag-crisopolis-2","tag-euclides-da-cunha","tag-fatima","tag-heliopolis-2","tag-itapicuru","tag-jeremoabo","tag-nova-soure","tag-novo-triunfo","tag-olindina","tag-paripiranga","tag-policia-militar","tag-posse-de-arma-de-fogo","tag-quijingue","tag-ribeira-do-amparo","tag-ribeira-do-pombal","tag-samu","tag-sitio-do-quinto","tag-surto-psicotico","tag-tucano"],"aioseo_notices":[],"_links":{"self":[{"href":"https:\/\/www.portalalerta.com.br\/index.php\/wp-json\/wp\/v2\/posts\/69723","targetHints":{"allow":["GET"]}}],"collection":[{"href":"https:\/\/www.portalalerta.com.br\/index.php\/wp-json\/wp\/v2\/posts"}],"about":[{"href":"https:\/\/www.portalalerta.com.br\/index.php\/wp-json\/wp\/v2\/types\/post"}],"author":[{"embeddable":true,"href":"https:\/\/www.portalalerta.com.br\/index.php\/wp-json\/wp\/v2\/users\/2"}],"replies":[{"embeddable":true,"href":"https:\/\/www.portalalerta.com.br\/index.php\/wp-json\/wp\/v2\/comments?post=69723"}],"version-history":[{"count":1,"href":"https:\/\/www.portalalerta.com.br\/index.php\/wp-json\/wp\/v2\/posts\/69723\/revisions"}],"predecessor-version":[{"id":69724,"href":"https:\/\/www.portalalerta.com.br\/index.php\/wp-json\/wp\/v2\/posts\/69723\/revisions\/69724"}],"wp:featuredmedia":[{"embeddable":true,"href":"https:\/\/www.portalalerta.com.br\/index.php\/wp-json\/wp\/v2\/media\/69716"}],"wp:attachment":[{"href":"https:\/\/www.portalalerta.com.br\/index.php\/wp-json\/wp\/v2\/media?parent=69723"}],"wp:term":[{"taxonomy":"category","embeddable":true,"href":"https:\/\/www.portalalerta.com.br\/index.php\/wp-json\/wp\/v2\/categories?post=69723"},{"taxonomy":"post_tag","embeddable":true,"href":"https:\/\/www.portalalerta.com.br\/index.php\/wp-json\/wp\/v2\/tags?post=69723"}],"curies":[{"name":"wp","href":"https:\/\/api.w.org\/{rel}","templated":true}]}}