{"id":69725,"date":"2025-03-04T22:54:54","date_gmt":"2025-03-05T01:54:54","guid":{"rendered":"https:\/\/www.portalalerta.com.br\/?p=69725"},"modified":"2025-03-04T22:54:56","modified_gmt":"2025-03-05T01:54:56","slug":"uniao-europeia-anuncia-plano-de-e800-bi-r-48-tri-para-defesa","status":"publish","type":"post","link":"https:\/\/www.portalalerta.com.br\/index.php\/2025\/03\/04\/uniao-europeia-anuncia-plano-de-e800-bi-r-48-tri-para-defesa\/","title":{"rendered":"Uni\u00e3o Europeia anuncia plano de \u20ac800 bi (R$ 4,8 tri) para defesa"},"content":{"rendered":"\n<p><strong>O projeto busca aprimorar as capacidades militares do bloco e inclui um empr\u00e9stimo de \u20ac150 bilh\u00f5es (R$ 900 bilh\u00f5es) para impulsionar investimentos em iniciativas conjuntas de seguran\u00e7a e defesa<\/strong><\/p>\n\n\n\n<!--more-->\n\n\n\n<p><strong>A<\/strong>presidente da Comiss\u00e3o Europeia, Ursula von der Leyen, anunciou nesta ter\u00e7a-feira (4) um plano ambicioso para fortalecer a defesa da Uni\u00e3o Europeia (UE), com um investimento de \u20ac800 bilh\u00f5es (R$ 4,8 trilh\u00f5es). O projeto busca aprimorar as capacidades militares do bloco e inclui um empr\u00e9stimo de \u20ac150 bilh\u00f5es (R$ 900 bilh\u00f5es) para impulsionar investimentos em iniciativas conjuntas de seguran\u00e7a e defesa.<\/p>\n\n\n<div class=\"wp-block-image\">\n<figure class=\"alignleft size-large is-resized\"><img fetchpriority=\"high\" decoding=\"async\" src=\"https:\/\/www.portalalerta.com.br\/wp-content\/uploads\/2024\/12\/Sabino-Carrinho-de-mao-1024x1024.jpeg\" alt=\"\" class=\"wp-image-65525\" width=\"406\" height=\"406\" srcset=\"https:\/\/www.portalalerta.com.br\/wp-content\/uploads\/2024\/12\/Sabino-Carrinho-de-mao-1024x1024.jpeg 1024w, https:\/\/www.portalalerta.com.br\/wp-content\/uploads\/2024\/12\/Sabino-Carrinho-de-mao-240x240.jpeg 240w, https:\/\/www.portalalerta.com.br\/wp-content\/uploads\/2024\/12\/Sabino-Carrinho-de-mao-768x768.jpeg 768w, https:\/\/www.portalalerta.com.br\/wp-content\/uploads\/2024\/12\/Sabino-Carrinho-de-mao.jpeg 1080w\" sizes=\"(max-width: 406px) 100vw, 406px\" \/><\/figure><\/div>\n\n\n<p>A proposta surge em um momento de tens\u00e3o geopol\u00edtica, logo ap\u00f3s os Estados Unidos suspenderem o envio de novas remessas de armas para a Ucr\u00e2nia, uma decis\u00e3o que veio poucos dias depois de um encontro conturbado entre o presidente ucraniano Volodymyr Zelensky e o l\u00edder norte-americano, Donald Trump, na Casa Branca.<\/p>\n\n\n\n<p>O plano, chamado &#8220;Rearmar a Europa&#8221;, permitir\u00e1 que os 27 pa\u00edses-membros realoquem verbas de fundos j\u00e1 existentes, como os Fundos de Coes\u00e3o, para fortalecer suas capacidades de defesa. Al\u00e9m disso, o modelo proposto flexibiliza regras or\u00e7ament\u00e1rias, permitindo que os pa\u00edses aumentem seus investimentos militares sem comprometer seus d\u00e9ficits fiscais.<\/p>\n\n\n\n<p>Von der Leyen refor\u00e7ou que a Europa precisa agir com rapidez e efici\u00eancia diante das amea\u00e7as crescentes. &#8220;A Uni\u00e3o Europeia est\u00e1 pronta para assumir suas responsabilidades e garantir uma defesa mais forte e resiliente&#8221;, declarou.<\/p>\n\n\n\n<p>O plano ainda prop\u00f5e que os pa\u00edses elevem os gastos com defesa em 1,5% do PIB, o que poderia gerar uma margem or\u00e7ament\u00e1ria de \u20ac650 bilh\u00f5es (R$ 3,9 trilh\u00f5es) ao longo de quatro anos.<\/p>\n\n\n\n<p>A proposta ser\u00e1 enviada ainda hoje \u00e0s capitais europeias para ser debatida no Conselho Europeu extraordin\u00e1rio, que ocorrer\u00e1 na pr\u00f3xima quinta-feira (6). Al\u00e9m do fortalecimento da seguran\u00e7a europeia, o plano busca acelerar o envio de ajuda militar \u00e0 Ucr\u00e2nia, que pode ser impactada pela recente decis\u00e3o dos EUA de suspender seu suporte b\u00e9lico ao pa\u00eds.<\/p>\n\n\n\n<p><em>Fonte: Mundo ao Minuto<\/em><\/p>\n","protected":false},"excerpt":{"rendered":"<p>O projeto busca aprimorar as capacidades militares do bloco e inclui um empr\u00e9stimo de \u20ac150 bilh\u00f5es (R$ 900 bilh\u00f5es) para impulsionar investimentos em iniciativas conjuntas de seguran\u00e7a e defesa<\/p>\n","protected":false},"author":2,"featured_media":69717,"comment_status":"open","ping_status":"open","sticky":false,"template":"","format":"standard","meta":{"om_disable_all_campaigns":false,"_monsterinsights_skip_tracking":false,"_monsterinsights_sitenote_active":false,"_monsterinsights_sitenote_note":"","_monsterinsights_sitenote_category":0,"footnotes":""},"categories":[70,35,69,21],"tags":[100,71,48,75,4178,4180,129,1263,107,4181,132,230,106,203,120,51,109,88,47,111,190,2089,7843],"class_list":["post-69725","post","type-post","status-publish","format-standard","has-post-thumbnail","hentry","category-destaques","category-mundo","category-noticias2","category-politica","tag-adustina","tag-antas","tag-araci","tag-cicero-dantas","tag-cipo-2","tag-crisopolis-2","tag-euclides-da-cunha","tag-europa","tag-fatima","tag-heliopolis-2","tag-itapicuru","tag-jeremoabo","tag-nova-soure","tag-novo-triunfo","tag-olindina","tag-paripiranga","tag-quijingue","tag-ribeira-do-amparo","tag-ribeira-do-pombal","tag-sitio-do-quinto","tag-tucano","tag-uniao-europeia","tag-ursula-von-der-leyen"],"aioseo_notices":[],"_links":{"self":[{"href":"https:\/\/www.portalalerta.com.br\/index.php\/wp-json\/wp\/v2\/posts\/69725","targetHints":{"allow":["GET"]}}],"collection":[{"href":"https:\/\/www.portalalerta.com.br\/index.php\/wp-json\/wp\/v2\/posts"}],"about":[{"href":"https:\/\/www.portalalerta.com.br\/index.php\/wp-json\/wp\/v2\/types\/post"}],"author":[{"embeddable":true,"href":"https:\/\/www.portalalerta.com.br\/index.php\/wp-json\/wp\/v2\/users\/2"}],"replies":[{"embeddable":true,"href":"https:\/\/www.portalalerta.com.br\/index.php\/wp-json\/wp\/v2\/comments?post=69725"}],"version-history":[{"count":1,"href":"https:\/\/www.portalalerta.com.br\/index.php\/wp-json\/wp\/v2\/posts\/69725\/revisions"}],"predecessor-version":[{"id":69726,"href":"https:\/\/www.portalalerta.com.br\/index.php\/wp-json\/wp\/v2\/posts\/69725\/revisions\/69726"}],"wp:featuredmedia":[{"embeddable":true,"href":"https:\/\/www.portalalerta.com.br\/index.php\/wp-json\/wp\/v2\/media\/69717"}],"wp:attachment":[{"href":"https:\/\/www.portalalerta.com.br\/index.php\/wp-json\/wp\/v2\/media?parent=69725"}],"wp:term":[{"taxonomy":"category","embeddable":true,"href":"https:\/\/www.portalalerta.com.br\/index.php\/wp-json\/wp\/v2\/categories?post=69725"},{"taxonomy":"post_tag","embeddable":true,"href":"https:\/\/www.portalalerta.com.br\/index.php\/wp-json\/wp\/v2\/tags?post=69725"}],"curies":[{"name":"wp","href":"https:\/\/api.w.org\/{rel}","templated":true}]}}