{"id":69727,"date":"2025-03-04T22:57:00","date_gmt":"2025-03-05T01:57:00","guid":{"rendered":"https:\/\/www.portalalerta.com.br\/?p=69727"},"modified":"2025-03-04T22:57:02","modified_gmt":"2025-03-05T01:57:02","slug":"policia-civil-recupera-carreta-roubada-em-euclides-da-cunha-ba","status":"publish","type":"post","link":"https:\/\/www.portalalerta.com.br\/index.php\/2025\/03\/04\/policia-civil-recupera-carreta-roubada-em-euclides-da-cunha-ba\/","title":{"rendered":"Pol\u00edcia Civil recupera carreta roubada em Euclides da Cunha-BA"},"content":{"rendered":"\n<p>Por volta das 10h30 desta ter\u00e7a-feira (04), policiais civis de Euclides da Cunha-BA iniciaram dilig\u00eancias em busca de uma carreta que teria sido roubada na cidade.<\/p>\n\n\n\n<!--more-->\n\n\n\n<p>Os investigadores encontraram o ve\u00edculo no interior de um Posto de Combust\u00edveis situado \u00e0s margens da BR 116, no referido munic\u00edpio.<\/p>\n\n\n\n<p>A carreta foi conduzida e apresentada na Delegacia de Pol\u00edcia Civil, onde dever\u00e1 ser submetida a uma per\u00edcia, e posteriormente ser devolvida ao seu propriet\u00e1rio.<\/p>\n\n\n\n<p><em>Reda\u00e7\u00e3o: Portal Alerta<\/em><\/p>\n","protected":false},"excerpt":{"rendered":"<p>Por volta das 10h30 desta ter\u00e7a-feira (04), policiais civis de Euclides da Cunha-BA iniciaram dilig\u00eancias em busca de uma carreta que teria sido roubada na cidade.<\/p>\n","protected":false},"author":2,"featured_media":69718,"comment_status":"open","ping_status":"open","sticky":false,"template":"","format":"standard","meta":{"om_disable_all_campaigns":false,"_monsterinsights_skip_tracking":false,"_monsterinsights_sitenote_active":false,"_monsterinsights_sitenote_note":"","_monsterinsights_sitenote_category":0,"footnotes":""},"categories":[70,17,69,32,22],"tags":[557,100,71,48,7845,75,4178,4180,129,107,4181,132,230,106,203,120,51,122,109,88,47,7844,111,190],"class_list":["post-69727","post","type-post","status-publish","format-standard","has-post-thumbnail","hentry","category-destaques","category-euclides-da-cunha","category-noticias2","category-regiao","category-seguranca","tag-25a-coorpin","tag-adustina","tag-antas","tag-araci","tag-carreta-recuperada","tag-cicero-dantas","tag-cipo-2","tag-crisopolis-2","tag-euclides-da-cunha","tag-fatima","tag-heliopolis-2","tag-itapicuru","tag-jeremoabo","tag-nova-soure","tag-novo-triunfo","tag-olindina","tag-paripiranga","tag-policia-civil","tag-quijingue","tag-ribeira-do-amparo","tag-ribeira-do-pombal","tag-roubo-de-carreta","tag-sitio-do-quinto","tag-tucano"],"aioseo_notices":[],"_links":{"self":[{"href":"https:\/\/www.portalalerta.com.br\/index.php\/wp-json\/wp\/v2\/posts\/69727","targetHints":{"allow":["GET"]}}],"collection":[{"href":"https:\/\/www.portalalerta.com.br\/index.php\/wp-json\/wp\/v2\/posts"}],"about":[{"href":"https:\/\/www.portalalerta.com.br\/index.php\/wp-json\/wp\/v2\/types\/post"}],"author":[{"embeddable":true,"href":"https:\/\/www.portalalerta.com.br\/index.php\/wp-json\/wp\/v2\/users\/2"}],"replies":[{"embeddable":true,"href":"https:\/\/www.portalalerta.com.br\/index.php\/wp-json\/wp\/v2\/comments?post=69727"}],"version-history":[{"count":2,"href":"https:\/\/www.portalalerta.com.br\/index.php\/wp-json\/wp\/v2\/posts\/69727\/revisions"}],"predecessor-version":[{"id":69729,"href":"https:\/\/www.portalalerta.com.br\/index.php\/wp-json\/wp\/v2\/posts\/69727\/revisions\/69729"}],"wp:featuredmedia":[{"embeddable":true,"href":"https:\/\/www.portalalerta.com.br\/index.php\/wp-json\/wp\/v2\/media\/69718"}],"wp:attachment":[{"href":"https:\/\/www.portalalerta.com.br\/index.php\/wp-json\/wp\/v2\/media?parent=69727"}],"wp:term":[{"taxonomy":"category","embeddable":true,"href":"https:\/\/www.portalalerta.com.br\/index.php\/wp-json\/wp\/v2\/categories?post=69727"},{"taxonomy":"post_tag","embeddable":true,"href":"https:\/\/www.portalalerta.com.br\/index.php\/wp-json\/wp\/v2\/tags?post=69727"}],"curies":[{"name":"wp","href":"https:\/\/api.w.org\/{rel}","templated":true}]}}