{"id":69730,"date":"2025-03-04T22:59:41","date_gmt":"2025-03-05T01:59:41","guid":{"rendered":"https:\/\/www.portalalerta.com.br\/?p=69730"},"modified":"2025-03-04T23:01:22","modified_gmt":"2025-03-05T02:01:22","slug":"cadeirante-preso-no-carnaval-de-salvador-quebra-regras-de-prisao-domiciliar-em-menos-de-24-horas","status":"publish","type":"post","link":"https:\/\/www.portalalerta.com.br\/index.php\/2025\/03\/04\/cadeirante-preso-no-carnaval-de-salvador-quebra-regras-de-prisao-domiciliar-em-menos-de-24-horas\/","title":{"rendered":"Cadeirante preso no Carnaval de Salvador quebra regras de pris\u00e3o domiciliar em menos de 24 horas"},"content":{"rendered":"\n<p>O cadeirante, de 40 anos, preso na \u00faltima quinta-feira (29) enquanto vendia bebidas no circuito Dod\u00f4, em Ondina, teve a pris\u00e3o domiciliar revogada ap\u00f3s descumprir as condi\u00e7\u00f5es estabelecidas pela Justi\u00e7a.\u00a0Ele havia recebido o benef\u00edcio no s\u00e1bado (1\u00ba) por motivos de sa\u00fade, mas voltou ao circuito no dia seguinte, desrespeitando a decis\u00e3o judicial. O homem possu\u00eda dois mandados de pris\u00e3o, um por condena\u00e7\u00e3o e outro de pris\u00e3o preventiva.<\/p>\n\n\n\n<!--more-->\n\n\n\n<p>Em entrevista ao&nbsp;<strong>BNEWS<\/strong>,&nbsp; a defensora p\u00fablica Fab\u00edola Pacheco afirmou que o homem foi devidamente orientado sobre as restri\u00e7\u00f5es da pris\u00e3o domiciliar, que permitia sua sa\u00edda apenas para realizar hemodi\u00e1lise. \u201cEle quebrou o benef\u00edcio em menos de 24 horas e retornou ao mesmo local onde havia sido preso. Isso demonstra que ele n\u00e3o respeita a Justi\u00e7a\u201d, declarou.<\/p>\n\n\n\n<p>A revoga\u00e7\u00e3o da pris\u00e3o domiciliar foi determinada pelo mesmo juiz que concedeu o benef\u00edcio, Cidval Santos, e o homem agora ser\u00e1 encaminhado ao sistema prisional. Segundo a defensora, a reincid\u00eancia comprova que ele n\u00e3o tinha inten\u00e7\u00e3o de seguir as regras impostas. \u201cSe ele estivesse realmente t\u00e3o debilitado, n\u00e3o teria voltado ao circuito t\u00e3o rapidamente\u201d, completou.<\/p>\n\n\n<div class=\"wp-block-image\">\n<figure class=\"alignleft size-large is-resized\"><img fetchpriority=\"high\" decoding=\"async\" src=\"https:\/\/www.portalalerta.com.br\/wp-content\/uploads\/2024\/04\/autoescola-emprego-1024x1024.jpg\" alt=\"\" class=\"wp-image-55693\" width=\"399\" height=\"399\" srcset=\"https:\/\/www.portalalerta.com.br\/wp-content\/uploads\/2024\/04\/autoescola-emprego-1024x1024.jpg 1024w, https:\/\/www.portalalerta.com.br\/wp-content\/uploads\/2024\/04\/autoescola-emprego-240x240.jpg 240w, https:\/\/www.portalalerta.com.br\/wp-content\/uploads\/2024\/04\/autoescola-emprego-768x768.jpg 768w, https:\/\/www.portalalerta.com.br\/wp-content\/uploads\/2024\/04\/autoescola-emprego.jpg 1080w\" sizes=\"(max-width: 399px) 100vw, 399px\" \/><\/figure><\/div>\n\n\n<p><strong>A audi\u00eancia de cust\u00f3dia<\/strong><\/p>\n\n\n\n<p>A decis\u00e3o da pris\u00e3o domiciliar foi tomada ap\u00f3s audi\u00eancia de cust\u00f3dia, na qual participaram o juiz Cidval Santos, a promotora do Minist\u00e9rio P\u00fablico da Bahia (MP-BA) Ediene Lousado e a defensora p\u00fablica estadual Fab\u00edola Pacheco. O&nbsp;<strong>BNEWS<\/strong>&nbsp;acompanhou o processo.<\/p>\n\n\n\n<p>O homem, que nega os crimes pelos quais foi condenado, enfrenta graves problemas de sa\u00fade. Ele precisa realizar hemodi\u00e1lise tr\u00eas vezes por semana e est\u00e1 h\u00e1 dias sem o tratamento adequado. Al\u00e9m disso, desde sua pris\u00e3o na \u00faltima quinta-feira, ele n\u00e3o teve acesso a medicamentos essenciais. A Defensoria P\u00fablica refor\u00e7ou o pedido de pris\u00e3o domiciliar, destacando a necessidade urgente de atendimento m\u00e9dico.<\/p>\n\n\n\n<p>Durante a audi\u00eancia, o comerciante relatou que perdeu os movimentos das pernas e os dois rins ap\u00f3s complica\u00e7\u00f5es m\u00e9dicas, incluindo uma infec\u00e7\u00e3o hospitalar e uma perfura\u00e7\u00e3o no cora\u00e7\u00e3o. Ele tamb\u00e9m afirmou que, no momento da pris\u00e3o, estava se preparando para a hemodi\u00e1lise e sequer conseguiu pegar seus pertences pessoais.<\/p>\n\n\n\n<p>A promotora Ediene Lousado solicitou a pris\u00e3o domiciliar com monitoramento eletr\u00f4nico, at\u00e9 que seja verificado se o pres\u00eddio tem condi\u00e7\u00f5es de garantir o tratamento adequado. O juiz deferiu o pedido, permitindo que o homem saia de casa apenas para realizar o tratamento m\u00e9dico. No entanto, ele n\u00e3o poder\u00e1 continuar trabalhando nas ruas.<\/p>\n\n\n\n<p>O comerciante, que j\u00e1 passou um ano e meio internado, tem quatro filhos e perdeu a esposa. Ele vive sozinho e abandonou os estudos na quinta s\u00e9rie. Durante a audi\u00eancia, chorou ao falar sobre sua situa\u00e7\u00e3o e demonstrou preocupa\u00e7\u00e3o com sua sobreviv\u00eancia sem poder continuar trabalhando.<\/p>\n\n\n\n<p><em>Fonte: Bnews<\/em><\/p>\n","protected":false},"excerpt":{"rendered":"<p>O cadeirante, de 40 anos, preso na \u00faltima quinta-feira (29) enquanto vendia bebidas no circuito Dod\u00f4, em Ondina, teve a pris\u00e3o domiciliar revogada ap\u00f3s descumprir as condi\u00e7\u00f5es estabelecidas pela Justi\u00e7a.\u00a0Ele havia recebido o benef\u00edcio no s\u00e1bado (1\u00ba) por motivos de sa\u00fade, mas voltou ao circuito no dia seguinte, desrespeitando a decis\u00e3o judicial. O homem possu\u00eda &hellip;<\/p>\n","protected":false},"author":2,"featured_media":69719,"comment_status":"open","ping_status":"open","sticky":false,"template":"","format":"standard","meta":{"om_disable_all_campaigns":false,"_monsterinsights_skip_tracking":false,"_monsterinsights_sitenote_active":false,"_monsterinsights_sitenote_note":"","_monsterinsights_sitenote_category":0,"footnotes":""},"categories":[33,70,69,22],"tags":[100,71,48,448,75,4178,4180,129,107,4181,132,230,106,203,120,51,77,109,88,47,330,111,190],"class_list":["post-69730","post","type-post","status-publish","format-standard","has-post-thumbnail","hentry","category-bahia","category-destaques","category-noticias2","category-seguranca","tag-adustina","tag-antas","tag-araci","tag-carnaval","tag-cicero-dantas","tag-cipo-2","tag-crisopolis-2","tag-euclides-da-cunha","tag-fatima","tag-heliopolis-2","tag-itapicuru","tag-jeremoabo","tag-nova-soure","tag-novo-triunfo","tag-olindina","tag-paripiranga","tag-preso","tag-quijingue","tag-ribeira-do-amparo","tag-ribeira-do-pombal","tag-salvador","tag-sitio-do-quinto","tag-tucano"],"aioseo_notices":[],"_links":{"self":[{"href":"https:\/\/www.portalalerta.com.br\/index.php\/wp-json\/wp\/v2\/posts\/69730","targetHints":{"allow":["GET"]}}],"collection":[{"href":"https:\/\/www.portalalerta.com.br\/index.php\/wp-json\/wp\/v2\/posts"}],"about":[{"href":"https:\/\/www.portalalerta.com.br\/index.php\/wp-json\/wp\/v2\/types\/post"}],"author":[{"embeddable":true,"href":"https:\/\/www.portalalerta.com.br\/index.php\/wp-json\/wp\/v2\/users\/2"}],"replies":[{"embeddable":true,"href":"https:\/\/www.portalalerta.com.br\/index.php\/wp-json\/wp\/v2\/comments?post=69730"}],"version-history":[{"count":3,"href":"https:\/\/www.portalalerta.com.br\/index.php\/wp-json\/wp\/v2\/posts\/69730\/revisions"}],"predecessor-version":[{"id":69735,"href":"https:\/\/www.portalalerta.com.br\/index.php\/wp-json\/wp\/v2\/posts\/69730\/revisions\/69735"}],"wp:featuredmedia":[{"embeddable":true,"href":"https:\/\/www.portalalerta.com.br\/index.php\/wp-json\/wp\/v2\/media\/69719"}],"wp:attachment":[{"href":"https:\/\/www.portalalerta.com.br\/index.php\/wp-json\/wp\/v2\/media?parent=69730"}],"wp:term":[{"taxonomy":"category","embeddable":true,"href":"https:\/\/www.portalalerta.com.br\/index.php\/wp-json\/wp\/v2\/categories?post=69730"},{"taxonomy":"post_tag","embeddable":true,"href":"https:\/\/www.portalalerta.com.br\/index.php\/wp-json\/wp\/v2\/tags?post=69730"}],"curies":[{"name":"wp","href":"https:\/\/api.w.org\/{rel}","templated":true}]}}