{"id":6976,"date":"2018-05-04T01:40:34","date_gmt":"2018-05-04T04:40:34","guid":{"rendered":"http:\/\/www.portalalerta.com.br\/?p=6976"},"modified":"2018-05-04T01:40:34","modified_gmt":"2018-05-04T04:40:34","slug":"associacoes-de-protecao-veicular-criam-selo-de-seguranca-para-o-setor-confira","status":"publish","type":"post","link":"https:\/\/www.portalalerta.com.br\/index.php\/2018\/05\/04\/associacoes-de-protecao-veicular-criam-selo-de-seguranca-para-o-setor-confira\/","title":{"rendered":"Associa\u00e7\u00f5es de Prote\u00e7\u00e3o Veicular criam selo de seguran\u00e7a para o setor. Confira!"},"content":{"rendered":"<p style=\"text-align: justify;\">As Associa\u00e7\u00f5es de Prote\u00e7\u00e3o Veicular j\u00e1 se tornaram uma realidade, por\u00e9m algumas pessoas ainda temem se associarem por n\u00e3o conhecerem o funcionamento, nem tampouco a seguran\u00e7a.<!--more--><\/p>\n<p style=\"text-align: justify;\"><img fetchpriority=\"high\" decoding=\"async\" class=\"size-thumbnail wp-image-4869 aligncenter\" src=\"http:\/\/www.portalalerta.com.br\/wp-content\/uploads\/2018\/02\/Auto-Escola-Nobre-720x181.jpg\" alt=\"\" width=\"720\" height=\"181\" srcset=\"https:\/\/www.portalalerta.com.br\/wp-content\/uploads\/2018\/02\/Auto-Escola-Nobre.jpg 720w, https:\/\/www.portalalerta.com.br\/wp-content\/uploads\/2018\/02\/Auto-Escola-Nobre-260x65.jpg 260w, https:\/\/www.portalalerta.com.br\/wp-content\/uploads\/2018\/02\/Auto-Escola-Nobre-50x13.jpg 50w, https:\/\/www.portalalerta.com.br\/wp-content\/uploads\/2018\/02\/Auto-Escola-Nobre-150x38.jpg 150w\" sizes=\"(max-width: 720px) 100vw, 720px\" \/>Pensando nisso as Associa\u00e7\u00f5es est\u00e3o criando um Selo de Garantia, com o objetivo de qualificar as entidades s\u00e9rias, as destacando das demais. O selo CIFPV (Centro de Informa\u00e7\u00e3o Financeira da Prote\u00e7\u00e3o Veicular) ser\u00e1 distribu\u00eddo \u00e0s Associa\u00e7\u00f5es de forma gratuita, apenas para \u00e0quelas que possu\u00edrem diretoria atuante, que realizarem presta\u00e7\u00f5es de contas a seus associados, possu\u00edrem parecer do Conselho Fiscal, trabalharem com fins sociais, e reduzam em ata todos os seus atos a fim de torn\u00e1-los p\u00fablicos.<\/p>\n<p style=\"text-align: justify;\">Ainda de acordo com informa\u00e7\u00f5es, as pr\u00f3prias Associa\u00e7\u00f5es ir\u00e3o promover campanhas, incentivando que todas se cadastrem para receberem o selo, fato que ser\u00e1 consumado ap\u00f3s an\u00e1lise de documentos.<\/p>\n<p style=\"text-align: justify;\">\u00c9 importante que o consumidor fique de olho, e exija que a sua Associa\u00e7\u00e3o fa\u00e7a parte desse controle de qualidade.<\/p>\n<p style=\"text-align: justify;\"><a href=\"http:\/\/www.facebook.com.br\/pombalalerta\"><strong>Curta nossa p\u00e1gina no facebook, e continue atualizado sobre tudo o que acontece em sua cidade!<\/strong><\/a><\/p>\n<p style=\"text-align: justify;\"><a href=\"https:\/\/play.google.com\/store\/apps\/details?id=com.globalstore.pombalalerta&amp;hl=pt_BR\"><strong>Baixe o nosso aplicativo, e fique de olho na not\u00edcia!<\/strong><\/a><\/p>\n<p style=\"text-align: justify;\"><em>Reda\u00e7\u00e3o: Portal Alerta<\/em><\/p>\n<p style=\"text-align: justify;\">\n","protected":false},"excerpt":{"rendered":"<p>As Associa\u00e7\u00f5es de Prote\u00e7\u00e3o Veicular j\u00e1 se tornaram uma realidade, por\u00e9m algumas pessoas ainda temem se associarem por n\u00e3o conhecerem o funcionamento, nem tampouco a seguran\u00e7a.<\/p>\n","protected":false},"author":2,"featured_media":6977,"comment_status":"closed","ping_status":"open","sticky":false,"template":"","format":"standard","meta":{"om_disable_all_campaigns":false,"_monsterinsights_skip_tracking":false,"_monsterinsights_sitenote_active":false,"_monsterinsights_sitenote_note":"","_monsterinsights_sitenote_category":0,"footnotes":""},"categories":[70,69,22],"tags":[93,1028,154],"class_list":["post-6976","post","type-post","status-publish","format-standard","has-post-thumbnail","hentry","category-destaques","category-noticias2","category-seguranca","tag-brasil","tag-protecao-veicular","tag-publicidade"],"aioseo_notices":[],"_links":{"self":[{"href":"https:\/\/www.portalalerta.com.br\/index.php\/wp-json\/wp\/v2\/posts\/6976","targetHints":{"allow":["GET"]}}],"collection":[{"href":"https:\/\/www.portalalerta.com.br\/index.php\/wp-json\/wp\/v2\/posts"}],"about":[{"href":"https:\/\/www.portalalerta.com.br\/index.php\/wp-json\/wp\/v2\/types\/post"}],"author":[{"embeddable":true,"href":"https:\/\/www.portalalerta.com.br\/index.php\/wp-json\/wp\/v2\/users\/2"}],"replies":[{"embeddable":true,"href":"https:\/\/www.portalalerta.com.br\/index.php\/wp-json\/wp\/v2\/comments?post=6976"}],"version-history":[{"count":0,"href":"https:\/\/www.portalalerta.com.br\/index.php\/wp-json\/wp\/v2\/posts\/6976\/revisions"}],"wp:featuredmedia":[{"embeddable":true,"href":"https:\/\/www.portalalerta.com.br\/index.php\/wp-json\/wp\/v2\/media\/6977"}],"wp:attachment":[{"href":"https:\/\/www.portalalerta.com.br\/index.php\/wp-json\/wp\/v2\/media?parent=6976"}],"wp:term":[{"taxonomy":"category","embeddable":true,"href":"https:\/\/www.portalalerta.com.br\/index.php\/wp-json\/wp\/v2\/categories?post=6976"},{"taxonomy":"post_tag","embeddable":true,"href":"https:\/\/www.portalalerta.com.br\/index.php\/wp-json\/wp\/v2\/tags?post=6976"}],"curies":[{"name":"wp","href":"https:\/\/api.w.org\/{rel}","templated":true}]}}