{"id":69778,"date":"2025-03-06T14:14:41","date_gmt":"2025-03-06T17:14:41","guid":{"rendered":"https:\/\/www.portalalerta.com.br\/?p=69778"},"modified":"2025-03-06T14:14:43","modified_gmt":"2025-03-06T17:14:43","slug":"oncas-pardas-sao-avistadas-na-zona-rural-de-araci-e-geram-alerta-entre-moradores","status":"publish","type":"post","link":"https:\/\/www.portalalerta.com.br\/index.php\/2025\/03\/06\/oncas-pardas-sao-avistadas-na-zona-rural-de-araci-e-geram-alerta-entre-moradores\/","title":{"rendered":"On\u00e7as-pardas s\u00e3o avistadas na zona rural de Araci e geram alerta entre moradores"},"content":{"rendered":"\n<p><strong>Nos \u00faltimos dias, moradores da zona rural de Araci relataram o avistamento de on\u00e7as-pardas em diferentes localidades do munic\u00edpio.<\/strong><\/p>\n\n\n\n<!--more-->\n\n\n<div class=\"wp-block-image\">\n<figure class=\"alignleft size-full\"><img fetchpriority=\"high\" decoding=\"async\" width=\"400\" height=\"500\" src=\"https:\/\/www.portalalerta.com.br\/wp-content\/uploads\/2025\/01\/Liquida-Verao-Real-2025.jpg\" alt=\"\" class=\"wp-image-68486\" srcset=\"https:\/\/www.portalalerta.com.br\/wp-content\/uploads\/2025\/01\/Liquida-Verao-Real-2025.jpg 400w, https:\/\/www.portalalerta.com.br\/wp-content\/uploads\/2025\/01\/Liquida-Verao-Real-2025-192x240.jpg 192w\" sizes=\"(max-width: 400px) 100vw, 400px\" \/><\/figure><\/div>\n\n\n<p><strong> No \u00faltimo domingo (03\/03), um morador viu uma on\u00e7a na localidade do Caldeir\u00e3o. J\u00e1 na localidade de Teodoro, outro residente afirmou ter avistado duas on\u00e7as. Os relatos causaram preocupa\u00e7\u00e3o entre os moradores, que agora est\u00e3o em alerta ao circular por \u00e1reas de mata. Apesar do susto, especialistas destacam que a on\u00e7a-parda (Puma concolor) n\u00e3o costuma atacar humanos, preferindo evitar o contato direto. O animal, tamb\u00e9m conhecido como su\u00e7uarana, \u00e9 um felino nativo do Brasil e desempenha um papel importante no equil\u00edbrio do ecossistema. A presen\u00e7a das on\u00e7as pode estar relacionada \u00e0 busca por alimento ou \u00e0 degrada\u00e7\u00e3o de seu habitat natural. Em situa\u00e7\u00f5es como essa, \u00f3rg\u00e3os ambientais recomendam que a popula\u00e7\u00e3o evite se aproximar dos animais e informe as autoridades respons\u00e1veis para que medidas adequadas sejam tomadas. At\u00e9 o momento, n\u00e3o h\u00e1 registros de ataques ou danos causados pelas on\u00e7as na regi\u00e3o. A recomenda\u00e7\u00e3o para os moradores \u00e9 redobrar a aten\u00e7\u00e3o em \u00e1reas de mata e evitar confrontos diretos com os felinos.<\/strong><\/p>\n\n\n\n<p><em>Fonte: A voz do campo<\/em><\/p>\n","protected":false},"excerpt":{"rendered":"<p>Nos \u00faltimos dias, moradores da zona rural de Araci relataram o avistamento de on\u00e7as-pardas em diferentes localidades do munic\u00edpio.<\/p>\n","protected":false},"author":2,"featured_media":69774,"comment_status":"open","ping_status":"open","sticky":false,"template":"","format":"standard","meta":{"om_disable_all_campaigns":false,"_monsterinsights_skip_tracking":false,"_monsterinsights_sitenote_active":false,"_monsterinsights_sitenote_note":"","_monsterinsights_sitenote_category":0,"footnotes":""},"categories":[41,70,69,32],"tags":[100,71,48,75,4178,4180,129,107,4181,132,230,106,203,120,7846,51,109,88,47,111,190],"class_list":["post-69778","post","type-post","status-publish","format-standard","has-post-thumbnail","hentry","category-araci","category-destaques","category-noticias2","category-regiao","tag-adustina","tag-antas","tag-araci","tag-cicero-dantas","tag-cipo-2","tag-crisopolis-2","tag-euclides-da-cunha","tag-fatima","tag-heliopolis-2","tag-itapicuru","tag-jeremoabo","tag-nova-soure","tag-novo-triunfo","tag-olindina","tag-onca-parda","tag-paripiranga","tag-quijingue","tag-ribeira-do-amparo","tag-ribeira-do-pombal","tag-sitio-do-quinto","tag-tucano"],"aioseo_notices":[],"_links":{"self":[{"href":"https:\/\/www.portalalerta.com.br\/index.php\/wp-json\/wp\/v2\/posts\/69778","targetHints":{"allow":["GET"]}}],"collection":[{"href":"https:\/\/www.portalalerta.com.br\/index.php\/wp-json\/wp\/v2\/posts"}],"about":[{"href":"https:\/\/www.portalalerta.com.br\/index.php\/wp-json\/wp\/v2\/types\/post"}],"author":[{"embeddable":true,"href":"https:\/\/www.portalalerta.com.br\/index.php\/wp-json\/wp\/v2\/users\/2"}],"replies":[{"embeddable":true,"href":"https:\/\/www.portalalerta.com.br\/index.php\/wp-json\/wp\/v2\/comments?post=69778"}],"version-history":[{"count":2,"href":"https:\/\/www.portalalerta.com.br\/index.php\/wp-json\/wp\/v2\/posts\/69778\/revisions"}],"predecessor-version":[{"id":69780,"href":"https:\/\/www.portalalerta.com.br\/index.php\/wp-json\/wp\/v2\/posts\/69778\/revisions\/69780"}],"wp:featuredmedia":[{"embeddable":true,"href":"https:\/\/www.portalalerta.com.br\/index.php\/wp-json\/wp\/v2\/media\/69774"}],"wp:attachment":[{"href":"https:\/\/www.portalalerta.com.br\/index.php\/wp-json\/wp\/v2\/media?parent=69778"}],"wp:term":[{"taxonomy":"category","embeddable":true,"href":"https:\/\/www.portalalerta.com.br\/index.php\/wp-json\/wp\/v2\/categories?post=69778"},{"taxonomy":"post_tag","embeddable":true,"href":"https:\/\/www.portalalerta.com.br\/index.php\/wp-json\/wp\/v2\/tags?post=69778"}],"curies":[{"name":"wp","href":"https:\/\/api.w.org\/{rel}","templated":true}]}}