{"id":69781,"date":"2025-03-06T14:20:54","date_gmt":"2025-03-06T17:20:54","guid":{"rendered":"https:\/\/www.portalalerta.com.br\/?p=69781"},"modified":"2025-03-06T14:20:56","modified_gmt":"2025-03-06T17:20:56","slug":"pgr-rejeita-pedido-de-bolsonaro-para-ampliar-prazo-de-defesa-em-83-dias","status":"publish","type":"post","link":"https:\/\/www.portalalerta.com.br\/index.php\/2025\/03\/06\/pgr-rejeita-pedido-de-bolsonaro-para-ampliar-prazo-de-defesa-em-83-dias\/","title":{"rendered":"PGR rejeita pedido de Bolsonaro para ampliar prazo de defesa em 83 dias"},"content":{"rendered":"\n<p>Resposta contr\u00e1ria ao pedido foi dada nesta quarta-feira (5)<\/p>\n\n\n\n<!--more-->\n\n\n\n<p>O procurador-geral da Rep\u00fablica, Paulo Gonet, enviou nesta quarta-feira (5), ao Supremo Tribunal Federal (STF) parecer contra o pedido de Jair Bolsonaro para ampliar o prazo de defesa na den\u00fancia sobre a trama golpista. O ex-presidente tem at\u00e9 esta quinta-feira (6) para se manifestar.<\/p>\n\n\n<div class=\"wp-block-image\">\n<figure class=\"alignleft size-large is-resized\"><img fetchpriority=\"high\" decoding=\"async\" src=\"https:\/\/www.portalalerta.com.br\/wp-content\/uploads\/2024\/12\/Sabino-Carrinho-de-mao-1024x1024.jpeg\" alt=\"\" class=\"wp-image-65525\" width=\"435\" height=\"435\" srcset=\"https:\/\/www.portalalerta.com.br\/wp-content\/uploads\/2024\/12\/Sabino-Carrinho-de-mao-1024x1024.jpeg 1024w, https:\/\/www.portalalerta.com.br\/wp-content\/uploads\/2024\/12\/Sabino-Carrinho-de-mao-240x240.jpeg 240w, https:\/\/www.portalalerta.com.br\/wp-content\/uploads\/2024\/12\/Sabino-Carrinho-de-mao-768x768.jpeg 768w, https:\/\/www.portalalerta.com.br\/wp-content\/uploads\/2024\/12\/Sabino-Carrinho-de-mao.jpeg 1080w\" sizes=\"(max-width: 435px) 100vw, 435px\" \/><\/figure><\/div>\n\n\n<p>A defesa de Bolsonaro solicitou 83 dias, alegando que o processo ficou o mesmo per\u00edodo na PGR. Caso o pedido fosse negado, requisitou ao menos 30 dias. No parecer, Gonet afirmou que &#8220;inexiste previs\u00e3o legal para prorroga\u00e7\u00e3o de prazo que vise a apresenta\u00e7\u00e3o de resposta preliminar&#8221;, refor\u00e7ando que o pedido n\u00e3o tem respaldo jur\u00eddico.<\/p>\n\n\n\n<p>Agora, caber\u00e1 ao ministro Alexandre de Moraes, que j\u00e1 rejeitou a solicita\u00e7\u00e3o anterior, decidir sobre o prazo. A maioria dos acusados tem at\u00e9 esta quinta-feira (6) para apresentar defesa, com exce\u00e7\u00e3o do general Braga Netto e do almirante Almir Garnier, que podem se manifestar at\u00e9 sexta-feira (7).<\/p>\n\n\n\n<p>Ap\u00f3s a entrega das defesas, o julgamento ser\u00e1 marcado pelo STF. A den\u00fancia ser\u00e1 analisada pela Primeira Turma, composta pelos ministros Alexandre de Moraes, Fl\u00e1vio Dino, Cristiano Zanin, C\u00e1rmen L\u00facia e Luiz Fux. Se aceita, Bolsonaro e os demais denunciados se tornam r\u00e9us.<\/p>\n\n\n\n<p><em>Fonte: Metro1<\/em><\/p>\n","protected":false},"excerpt":{"rendered":"<p>Resposta contr\u00e1ria ao pedido foi dada nesta quarta-feira (5)<\/p>\n","protected":false},"author":2,"featured_media":69775,"comment_status":"open","ping_status":"open","sticky":false,"template":"","format":"standard","meta":{"om_disable_all_campaigns":false,"_monsterinsights_skip_tracking":false,"_monsterinsights_sitenote_active":false,"_monsterinsights_sitenote_note":"","_monsterinsights_sitenote_category":0,"footnotes":""},"categories":[34,70,69,21],"tags":[100,71,48,75,4178,4180,2063,129,107,839,4181,132,1395,230,106,203,120,51,411,109,88,47,111,216,190],"class_list":["post-69781","post","type-post","status-publish","format-standard","has-post-thumbnail","hentry","category-brasil","category-destaques","category-noticias2","category-politica","tag-adustina","tag-antas","tag-araci","tag-cicero-dantas","tag-cipo-2","tag-crisopolis-2","tag-defesa","tag-euclides-da-cunha","tag-fatima","tag-golpe","tag-heliopolis-2","tag-itapicuru","tag-jair-bolsonaro","tag-jeremoabo","tag-nova-soure","tag-novo-triunfo","tag-olindina","tag-paripiranga","tag-pgr","tag-quijingue","tag-ribeira-do-amparo","tag-ribeira-do-pombal","tag-sitio-do-quinto","tag-stf","tag-tucano"],"aioseo_notices":[],"_links":{"self":[{"href":"https:\/\/www.portalalerta.com.br\/index.php\/wp-json\/wp\/v2\/posts\/69781","targetHints":{"allow":["GET"]}}],"collection":[{"href":"https:\/\/www.portalalerta.com.br\/index.php\/wp-json\/wp\/v2\/posts"}],"about":[{"href":"https:\/\/www.portalalerta.com.br\/index.php\/wp-json\/wp\/v2\/types\/post"}],"author":[{"embeddable":true,"href":"https:\/\/www.portalalerta.com.br\/index.php\/wp-json\/wp\/v2\/users\/2"}],"replies":[{"embeddable":true,"href":"https:\/\/www.portalalerta.com.br\/index.php\/wp-json\/wp\/v2\/comments?post=69781"}],"version-history":[{"count":1,"href":"https:\/\/www.portalalerta.com.br\/index.php\/wp-json\/wp\/v2\/posts\/69781\/revisions"}],"predecessor-version":[{"id":69782,"href":"https:\/\/www.portalalerta.com.br\/index.php\/wp-json\/wp\/v2\/posts\/69781\/revisions\/69782"}],"wp:featuredmedia":[{"embeddable":true,"href":"https:\/\/www.portalalerta.com.br\/index.php\/wp-json\/wp\/v2\/media\/69775"}],"wp:attachment":[{"href":"https:\/\/www.portalalerta.com.br\/index.php\/wp-json\/wp\/v2\/media?parent=69781"}],"wp:term":[{"taxonomy":"category","embeddable":true,"href":"https:\/\/www.portalalerta.com.br\/index.php\/wp-json\/wp\/v2\/categories?post=69781"},{"taxonomy":"post_tag","embeddable":true,"href":"https:\/\/www.portalalerta.com.br\/index.php\/wp-json\/wp\/v2\/tags?post=69781"}],"curies":[{"name":"wp","href":"https:\/\/api.w.org\/{rel}","templated":true}]}}