{"id":69783,"date":"2025-03-06T14:23:35","date_gmt":"2025-03-06T17:23:35","guid":{"rendered":"https:\/\/www.portalalerta.com.br\/?p=69783"},"modified":"2025-03-06T14:23:37","modified_gmt":"2025-03-06T17:23:37","slug":"dupla-e-detida-apos-comercio-de-aparelho-celular-achado-em-euclides-da-cunha-ba-vitima-se-negou-a-pagar-recompensa-pelo-objeto","status":"publish","type":"post","link":"https:\/\/www.portalalerta.com.br\/index.php\/2025\/03\/06\/dupla-e-detida-apos-comercio-de-aparelho-celular-achado-em-euclides-da-cunha-ba-vitima-se-negou-a-pagar-recompensa-pelo-objeto\/","title":{"rendered":"Dupla \u00e9 detida ap\u00f3s com\u00e9rcio de aparelho celular achado, em Euclides da Cunha-BA. V\u00edtima se negou a pagar recompensa pelo objeto!"},"content":{"rendered":"\n<p>\u201cAchado n\u00e3o \u00e9 roubado\u201d \u00e9 uma express\u00e3o bastante utilizada para justificar a posse de objeto achado. Essa afirma\u00e7\u00e3o \u00e9 correta, por\u00e9m n\u00e3o significa que o bem achado dever\u00e1 ser apropriado por quem o encontrou.<\/p>\n\n\n\n<!--more-->\n\n\n\n<p>Esse pensamento enganoso, levou duas pessoas \u00e0 Delegacia de Pol\u00edcia Civil em Euclides da Cunha-BA, na \u00faltima ter\u00e7a-feira (04), onde foram apresentadas pelas pr\u00e1ticas de apropria\u00e7\u00e3o ind\u00e9bita de coisa achada e recepta\u00e7\u00e3o.<\/p>\n\n\n\n<p>Tudo teve in\u00edcio ap\u00f3s uma pessoa de 40 anos (identidade n\u00e3o divulgada), ter esquecido o seu aparelho celular, no povoado Cabe\u00e7a do Po\u00e7o, zona rural da cidade. Na ocasi\u00e3o, a v\u00edtima pedalava com uma amiga, e teria parado no local para tirar algumas fotos. Ao se dar conta que teria esquecido o aparelho retornou ao local, onde foi informada que um jovem de 22 anos de idade teria encontrado o objeto e exigia a quantia de R$ 200,00 para devolv\u00ea-lo. A v\u00edtima se recusou e registrou o caso na Delegacia, bem como informou o fato aos policiais militares da cidade, que foram at\u00e9 o local, identificando assim o apropriador.<\/p>\n\n\n\n<p>O jovem confirmou que teria encontrado o aparelho celular, e que o mesmo teria sido utilizado numa negocia\u00e7\u00e3o num \u201cSucat\u00e3o\u201d, situado \u00e0s margens da BR 116, na entrada no munic\u00edpio, onde foi trocado por algumas pe\u00e7as para carro. Os militares foram at\u00e9 o local, onde confirmaram o fato.<\/p>\n\n\n\n<p>Diante dos fatos, o jovem que encontrou o celular foi apresentado na Delegacia de Pol\u00edcia Civil por apropria\u00e7\u00e3o ind\u00e9bita, enquanto o respons\u00e1vel pelo Sucat\u00e3o, um idoso de 62 anos, foi apresentado pela pr\u00e1tica de recepta\u00e7\u00e3o. O aparelho celular foi devolvido \u00e0 v\u00edtima.<\/p>\n\n\n\n<p>As identidades, bem como iniciais dos nomes dos envolvidos, n\u00e3o foram divulgadas.<\/p>\n\n\n\n<p><em>Reda\u00e7\u00e3o: Portal Alerta &nbsp;<\/em><\/p>\n","protected":false},"excerpt":{"rendered":"<p>\u201cAchado n\u00e3o \u00e9 roubado\u201d \u00e9 uma express\u00e3o bastante utilizada para justificar a posse de objeto achado. Essa afirma\u00e7\u00e3o \u00e9 correta, por\u00e9m n\u00e3o significa que o bem achado dever\u00e1 ser apropriado por quem o encontrou.<\/p>\n","protected":false},"author":2,"featured_media":69776,"comment_status":"open","ping_status":"open","sticky":false,"template":"","format":"standard","meta":{"om_disable_all_campaigns":false,"_monsterinsights_skip_tracking":false,"_monsterinsights_sitenote_active":false,"_monsterinsights_sitenote_note":"","_monsterinsights_sitenote_category":0,"footnotes":""},"categories":[70,17,69,32,22],"tags":[387,100,71,7847,48,75,4178,4180,129,107,4181,132,230,106,203,120,51,79,110,109,119,88,47,111,190],"class_list":["post-69783","post","type-post","status-publish","format-standard","has-post-thumbnail","hentry","category-destaques","category-euclides-da-cunha","category-noticias2","category-regiao","category-seguranca","tag-5o-bpm","tag-adustina","tag-antas","tag-apropriacao-indebita-de-coisa-achada","tag-araci","tag-cicero-dantas","tag-cipo-2","tag-crisopolis-2","tag-euclides-da-cunha","tag-fatima","tag-heliopolis-2","tag-itapicuru","tag-jeremoabo","tag-nova-soure","tag-novo-triunfo","tag-olindina","tag-paripiranga","tag-policia-militar","tag-presos","tag-quijingue","tag-receptacao","tag-ribeira-do-amparo","tag-ribeira-do-pombal","tag-sitio-do-quinto","tag-tucano"],"aioseo_notices":[],"_links":{"self":[{"href":"https:\/\/www.portalalerta.com.br\/index.php\/wp-json\/wp\/v2\/posts\/69783","targetHints":{"allow":["GET"]}}],"collection":[{"href":"https:\/\/www.portalalerta.com.br\/index.php\/wp-json\/wp\/v2\/posts"}],"about":[{"href":"https:\/\/www.portalalerta.com.br\/index.php\/wp-json\/wp\/v2\/types\/post"}],"author":[{"embeddable":true,"href":"https:\/\/www.portalalerta.com.br\/index.php\/wp-json\/wp\/v2\/users\/2"}],"replies":[{"embeddable":true,"href":"https:\/\/www.portalalerta.com.br\/index.php\/wp-json\/wp\/v2\/comments?post=69783"}],"version-history":[{"count":1,"href":"https:\/\/www.portalalerta.com.br\/index.php\/wp-json\/wp\/v2\/posts\/69783\/revisions"}],"predecessor-version":[{"id":69784,"href":"https:\/\/www.portalalerta.com.br\/index.php\/wp-json\/wp\/v2\/posts\/69783\/revisions\/69784"}],"wp:featuredmedia":[{"embeddable":true,"href":"https:\/\/www.portalalerta.com.br\/index.php\/wp-json\/wp\/v2\/media\/69776"}],"wp:attachment":[{"href":"https:\/\/www.portalalerta.com.br\/index.php\/wp-json\/wp\/v2\/media?parent=69783"}],"wp:term":[{"taxonomy":"category","embeddable":true,"href":"https:\/\/www.portalalerta.com.br\/index.php\/wp-json\/wp\/v2\/categories?post=69783"},{"taxonomy":"post_tag","embeddable":true,"href":"https:\/\/www.portalalerta.com.br\/index.php\/wp-json\/wp\/v2\/tags?post=69783"}],"curies":[{"name":"wp","href":"https:\/\/api.w.org\/{rel}","templated":true}]}}