{"id":69785,"date":"2025-03-06T14:27:31","date_gmt":"2025-03-06T17:27:31","guid":{"rendered":"https:\/\/www.portalalerta.com.br\/?p=69785"},"modified":"2025-03-06T14:27:32","modified_gmt":"2025-03-06T17:27:32","slug":"retorno-do-pdt-a-base-do-pt-na-bahia-e-irreversivel-garantem-lideres-do-partido-e-cardeais-governistas","status":"publish","type":"post","link":"https:\/\/www.portalalerta.com.br\/index.php\/2025\/03\/06\/retorno-do-pdt-a-base-do-pt-na-bahia-e-irreversivel-garantem-lideres-do-partido-e-cardeais-governistas\/","title":{"rendered":"Retorno do PDT \u00e0 base do PT na Bahia \u00e9 irrevers\u00edvel, garantem l\u00edderes do partido e cardeais governistas"},"content":{"rendered":"\n<p>Conversas entre o deputado F\u00e9lix Mendon\u00e7a J\u00fanior, presidente estadual da sigla, e a articula\u00e7\u00e3o pol\u00edtica do governo Jer\u00f4nimo Rodrigues est\u00e3o bastante avan\u00e7adas e devem resultar em acordo nas pr\u00f3ximas semanas<\/p>\n\n\n\n<!--more-->\n\n\n\n<p>Integrantes da c\u00fapula do PDT na Bahia d\u00e3o como certa a volta do partido \u00e0 base aliada ao PT e garantem que h\u00e1 apenas ajustes pontuais para que o acordo com o Pal\u00e1cio de Ondina seja fechado. &#8220;Hoje, esse processo se tornou irrevers\u00edvel. Internamente, o retorno ao bloco petista j\u00e1 \u00e9 tratado como favas contadas. A expectativa agora n\u00e3o \u00e9 mais se vamos retornar, e sim, quando o retorno ser\u00e1 anunciado de forma oficial&#8221;, destacou um membro da Executiva Estadual do PDT. A informa\u00e7\u00e3o foi confirmada tamb\u00e9m por cardeais de partidos da base com assento no Conselho Pol\u00edtico do governo Jer\u00f4nimo Rodrigues (PT).<\/p>\n\n\n\n<p><strong>Aqui me tens de regresso<\/strong><br>A aliados pr\u00f3ximos, o deputado federal F\u00e9lix Mendon\u00e7a J\u00fanior, presidente do PDT no estado, confirmou o avan\u00e7o nas negocia\u00e7\u00f5es com a articula\u00e7\u00e3o pol\u00edtica de Jer\u00f4nimo e sinalizou disposi\u00e7\u00e3o para reatar os la\u00e7os rompidos com o PT h\u00e1 dez anos, quando ele e o ent\u00e3o governador Rui Costa entraram em rota de colis\u00e3o. Em janeiro de 2015, ap\u00f3s uma s\u00e9rie de atritos entre F\u00e9lix J\u00fanior e Rui, o secret\u00e1rio de Rela\u00e7\u00f5es Institucionais \u00e0 \u00e9poca, Josias Gomes, formalizou a sa\u00edda do PDT da base. De l\u00e1 para c\u00e1, o partido passou a caminhar com a tropa liderada pelo ex-prefeito ACM Neto (Uni\u00e3o Brasil).<\/p>\n\n\n<div class=\"wp-block-image\">\n<figure class=\"alignleft size-large is-resized\"><img fetchpriority=\"high\" decoding=\"async\" src=\"https:\/\/www.portalalerta.com.br\/wp-content\/uploads\/2024\/04\/autoescola-emprego-1024x1024.jpg\" alt=\"\" class=\"wp-image-55693\" width=\"435\" height=\"435\" srcset=\"https:\/\/www.portalalerta.com.br\/wp-content\/uploads\/2024\/04\/autoescola-emprego-1024x1024.jpg 1024w, https:\/\/www.portalalerta.com.br\/wp-content\/uploads\/2024\/04\/autoescola-emprego-240x240.jpg 240w, https:\/\/www.portalalerta.com.br\/wp-content\/uploads\/2024\/04\/autoescola-emprego-768x768.jpg 768w, https:\/\/www.portalalerta.com.br\/wp-content\/uploads\/2024\/04\/autoescola-emprego.jpg 1080w\" sizes=\"(max-width: 435px) 100vw, 435px\" \/><\/figure><\/div>\n\n\n<p><strong>Uma coisa e outra coisa<\/strong><br>Apesar do iminente retorno, F\u00e9lix J\u00fanior assegurou aos caciques da sigla que o acerto com o comando governista, a princ\u00edpio, n\u00e3o inclui a posi\u00e7\u00e3o do PDT em Salvador, onde o partido tem a vice-prefeita Ana Paula Matos e controla cargos no primeiro e segundo escal\u00f5es do Pal\u00e1cio Thom\u00e9 de Souza, al\u00e9m de quatro vereadores na C\u00e2mara Municipal. Em declara\u00e7\u00f5es recentes \u00e0 imprensa, o pedetista deixou claro que n\u00e3o h\u00e1 qualquer acordo para apoiar a eventual candidatura de ACM Neto ao governo do estado em 2026. &#8220;Ele n\u00e3o esconde insatisfa\u00e7\u00f5es antigas com Neto, mas mant\u00e9m excelentes rela\u00e7\u00f5es com o prefeito Bruno Reis&#8221;, disse um parlamentar bastante ligado a F\u00e9lix J\u00fanior. &nbsp; &nbsp; &nbsp; &nbsp;<\/p>\n\n\n\n<p><strong>M\u00e3o que balan\u00e7a o ber\u00e7o<\/strong><br>A ponte entre o governo Jer\u00f4nimo e o PDT tem as digitais do ex-prefeito de Euclides da Cunha Luciano Pinheiro, pedetista de carteirinha e maior aposta do partido para puxar votos na disputa por uma cadeira na Assembleia Legislativa da Bahia (Alba) em 2026. Mesmo quando o partido apoiou ACM Neto na disputa pelo governo em 2022, Pinheiro obteve aval de F\u00e9lix J\u00fanior, de quem \u00e9 muito amigo, para continuar ao lado dos petistas. Em 2024, elegeu o sucessor em Euclides, Heldinho Macedo (PDT), com o apoio dos petistas. Agora, articula fortemente para que o PDT passe a integrar, de forma institucional, a base de Jer\u00f4nimo.&nbsp;<\/p>\n\n\n\n<p><strong>Linha de costura<\/strong><br>No \u00faltimo dia 24, Luciano Pinheiro e Heldinho estiveram em Salvador para receber duas viaturas da Pol\u00edcia Civil destinadas a Euclides da Cunha. Na ocasi\u00e3o, ambos conversaram com o secret\u00e1rio estadual de Rela\u00e7\u00f5es Institucionais, Adolpho Loyola, que trabalha com afinco para pavimentar o caminho entre o PDT e a base aliada. Ao mesmo tempo, Loyola iniciou conversas com F\u00e9lix J\u00fanior, a partir de costuras feitas por Pinheiro. Antes, o presidente do PDT baiano havia tido um encontro com o atual ministro da Casa Civil, Rui Costa. Nas pr\u00f3ximas semanas, haver\u00e1 uma nova reuni\u00e3o com Rui em Bras\u00edlia para tratar exclusivamente da Bahia, dessa vez, com a presen\u00e7a do cacique-mor do partido, Carlos Lupi. ministro da Previd\u00eancia.<\/p>\n\n\n\n<p><strong>Mudan\u00e7a de rumos<\/strong><br>Caso os progn\u00f3sticos que apontam para o regresso do PDT \u00e0 base governista se confirmem, a perman\u00eancia de dois parlamentares pedetistas que comp\u00f5em a linha de frente do Uni\u00e3o Brasil na Bahia ficar\u00e1 insustent\u00e1vel. O primeiro deles \u00e9 Emerson Penalva, \u00fanico deputado estadual da legenda na Alba. Muito ligado a Bruno Reis, Penalva dificilmente seguir\u00e1 ao lado de Jer\u00f4nimo, tanto na Assembleia quanto na corrida pelo governo no ano que vem. O segundo \u00e9 o deputado federal Leo Prates, um dos quadros pol\u00edticos mais leais a ACM Neto.<\/p>\n\n\n\n<p><strong>Tudo com antes<\/strong><br>Inicialmente, o prov\u00e1vel reingresso do PDT na ala governista n\u00e3o altera a rota da vice-prefeita Ana Paula Matos e nem da bancada de vereadores alinhados ao Pal\u00e1cio Thom\u00e9 de Souza, composta por Roberta Caires, Anderson Ninho, Omarzinho Gordilho e D\u00e9bora Santana. Salvo, claro, se algum deles decidir concorrer \u00e0 C\u00e2mara dos Deputados ou \u00e0 Assembleia Legislativa. &nbsp;&nbsp;<\/p>\n\n\n\n<p>Fonte: Metro1<\/p>\n","protected":false},"excerpt":{"rendered":"<p>Conversas entre o deputado F\u00e9lix Mendon\u00e7a J\u00fanior, presidente estadual da sigla, e a articula\u00e7\u00e3o pol\u00edtica do governo Jer\u00f4nimo Rodrigues est\u00e3o bastante avan\u00e7adas e devem resultar em acordo nas pr\u00f3ximas semanas<\/p>\n","protected":false},"author":2,"featured_media":69777,"comment_status":"open","ping_status":"open","sticky":false,"template":"","format":"standard","meta":{"om_disable_all_campaigns":false,"_monsterinsights_skip_tracking":false,"_monsterinsights_sitenote_active":false,"_monsterinsights_sitenote_note":"","_monsterinsights_sitenote_category":0,"footnotes":""},"categories":[33,70,69,21],"tags":[100,71,48,54,75,4178,4180,129,107,1988,4181,132,230,2500,106,203,120,51,1382,109,88,47,111,190],"class_list":["post-69785","post","type-post","status-publish","format-standard","has-post-thumbnail","hentry","category-bahia","category-destaques","category-noticias2","category-politica","tag-adustina","tag-antas","tag-araci","tag-bahia","tag-cicero-dantas","tag-cipo-2","tag-crisopolis-2","tag-euclides-da-cunha","tag-fatima","tag-governo-do-estado","tag-heliopolis-2","tag-itapicuru","tag-jeremoabo","tag-jeronimo-rodrigues","tag-nova-soure","tag-novo-triunfo","tag-olindina","tag-paripiranga","tag-pdt","tag-quijingue","tag-ribeira-do-amparo","tag-ribeira-do-pombal","tag-sitio-do-quinto","tag-tucano"],"aioseo_notices":[],"_links":{"self":[{"href":"https:\/\/www.portalalerta.com.br\/index.php\/wp-json\/wp\/v2\/posts\/69785","targetHints":{"allow":["GET"]}}],"collection":[{"href":"https:\/\/www.portalalerta.com.br\/index.php\/wp-json\/wp\/v2\/posts"}],"about":[{"href":"https:\/\/www.portalalerta.com.br\/index.php\/wp-json\/wp\/v2\/types\/post"}],"author":[{"embeddable":true,"href":"https:\/\/www.portalalerta.com.br\/index.php\/wp-json\/wp\/v2\/users\/2"}],"replies":[{"embeddable":true,"href":"https:\/\/www.portalalerta.com.br\/index.php\/wp-json\/wp\/v2\/comments?post=69785"}],"version-history":[{"count":1,"href":"https:\/\/www.portalalerta.com.br\/index.php\/wp-json\/wp\/v2\/posts\/69785\/revisions"}],"predecessor-version":[{"id":69786,"href":"https:\/\/www.portalalerta.com.br\/index.php\/wp-json\/wp\/v2\/posts\/69785\/revisions\/69786"}],"wp:featuredmedia":[{"embeddable":true,"href":"https:\/\/www.portalalerta.com.br\/index.php\/wp-json\/wp\/v2\/media\/69777"}],"wp:attachment":[{"href":"https:\/\/www.portalalerta.com.br\/index.php\/wp-json\/wp\/v2\/media?parent=69785"}],"wp:term":[{"taxonomy":"category","embeddable":true,"href":"https:\/\/www.portalalerta.com.br\/index.php\/wp-json\/wp\/v2\/categories?post=69785"},{"taxonomy":"post_tag","embeddable":true,"href":"https:\/\/www.portalalerta.com.br\/index.php\/wp-json\/wp\/v2\/tags?post=69785"}],"curies":[{"name":"wp","href":"https:\/\/api.w.org\/{rel}","templated":true}]}}