{"id":69800,"date":"2025-03-06T20:53:35","date_gmt":"2025-03-06T23:53:35","guid":{"rendered":"https:\/\/www.portalalerta.com.br\/?p=69800"},"modified":"2025-03-06T21:41:36","modified_gmt":"2025-03-07T00:41:36","slug":"policiais-sao-presos-acusados-de-estupro-durante-o-carnaval","status":"publish","type":"post","link":"https:\/\/www.portalalerta.com.br\/index.php\/2025\/03\/06\/policiais-sao-presos-acusados-de-estupro-durante-o-carnaval\/","title":{"rendered":"Policiais s\u00e3o presos acusados de estupro durante o carnaval"},"content":{"rendered":"\n<p><em>A Pol\u00edcia Civil abriu um inqu\u00e9rito, que est\u00e1 sendo conduzido pelo 26\u00ba Distrito Policial. Na ter\u00e7a-feira (4), a jovem, acompanhada de sua m\u00e3e, foi ouvida pelas autoridades policiais<\/em><\/p>\n\n\n\n<!--more-->\n\n\n\n<p>Dois policiais militares foram presos em flagrante pelos crimes de abandono de posto e descumprimento de miss\u00e3o, ap\u00f3s darem carona a uma jovem de 20 anos, que os acusa de estupro dentro de uma patrulha. O crime teria ocorrido no domingo (02), em Diadema, na Grande\u00a0S\u00e3o Paulo.<\/p>\n\n\n\n<p>A Secretaria da Seguran\u00e7a P\u00fablica de S\u00e3o Paulo (SSP-SP) confirmou a pris\u00e3o dos policiais, informando que todas as circunst\u00e2ncias do caso est\u00e3o sendo investigadas, inclusive por meio da an\u00e1lise das c\u00e2meras corporais dos agentes.<\/p>\n\n\n<div class=\"wp-block-image\">\n<figure class=\"alignleft size-full\"><img fetchpriority=\"high\" decoding=\"async\" width=\"400\" height=\"500\" src=\"https:\/\/www.portalalerta.com.br\/wp-content\/uploads\/2025\/01\/Liquida-Verao-Real-2025.jpg\" alt=\"\" class=\"wp-image-68486\" srcset=\"https:\/\/www.portalalerta.com.br\/wp-content\/uploads\/2025\/01\/Liquida-Verao-Real-2025.jpg 400w, https:\/\/www.portalalerta.com.br\/wp-content\/uploads\/2025\/01\/Liquida-Verao-Real-2025-192x240.jpg 192w\" sizes=\"(max-width: 400px) 100vw, 400px\" \/><\/figure><\/div>\n\n\n<p>Quanto \u00e0 acusa\u00e7\u00e3o de\u00a0estupro, a SSP-SP afirmou que a den\u00fancia est\u00e1 sendo \u201crigorosamente apurada\u201d. A jovem foi submetida a exame de corpo de delito, assim como os policiais. De acordo com o \u00f3rg\u00e3o, a v\u00edtima relatou o abuso ap\u00f3s sair da viatura.<\/p>\n\n\n\n<p>A Pol\u00edcia Civil abriu um inqu\u00e9rito, que est\u00e1 sendo conduzido pelo 26\u00ba Distrito Policial. Na ter\u00e7a-feira (4), a jovem, acompanhada de sua m\u00e3e, foi ouvida pelas autoridades policiais.<\/p>\n\n\n\n<p><strong>O caso<\/strong><\/p>\n\n\n\n<p>Os dois policiais militares, lotados no 24\u00ba Batalh\u00e3o da Pol\u00edcia Militar Metropolitano e em servi\u00e7o no momento, estavam realizando patrulhamento na regi\u00e3o quando, por volta da noite de domingo, a jovem, que participava de um bloco de carnaval, pediu uma carona aos agentes.<\/p>\n\n\n\n<p>Ap\u00f3s aceitarem o pedido, os policiais informaram que a levariam para casa, mas desviaram do trajeto. A jovem alega que foi abusada sexualmente dentro do ve\u00edculo.<\/p>\n\n\n\n<p>Por volta das 22h30, a jovem enviou uma mensagem de \u00e1udio a um tio, relatando o abuso, e tamb\u00e9m enviou v\u00eddeos com imagens dos policiais. O tio procurou a jovem e a encontrou em uma unidade de pronto atendimento, para onde ela foi encaminhada por um escriv\u00e3o da Pol\u00edcia Civil, que acionou o Samu.<\/p>\n\n\n\n<p>Os policiais tiveram a pris\u00e3o preventiva decretada pela Justi\u00e7a e foram levados para o Pres\u00eddio Militar Rom\u00e3o Gomes, localizado na zona norte da capital paulista.<\/p>\n\n\n\n<p><em>Fonte: Pombal not\u00edcias<\/em><\/p>\n","protected":false},"excerpt":{"rendered":"<p>A Pol\u00edcia Civil abriu um inqu\u00e9rito, que est\u00e1 sendo conduzido pelo 26\u00ba Distrito Policial. Na ter\u00e7a-feira (4), a jovem, acompanhada de sua m\u00e3e, foi ouvida pelas autoridades policiais<\/p>\n","protected":false},"author":2,"featured_media":69799,"comment_status":"open","ping_status":"open","sticky":false,"template":"","format":"standard","meta":{"om_disable_all_campaigns":false,"_monsterinsights_skip_tracking":false,"_monsterinsights_sitenote_active":false,"_monsterinsights_sitenote_note":"","_monsterinsights_sitenote_category":0,"footnotes":""},"categories":[34,70,69,22],"tags":[100,71,48,93,448,75,4178,4180,7848,56,129,107,4181,132,230,106,203,120,51,838,110,109,88,47,404,111,190],"class_list":["post-69800","post","type-post","status-publish","format-standard","has-post-thumbnail","hentry","category-brasil","category-destaques","category-noticias2","category-seguranca","tag-adustina","tag-antas","tag-araci","tag-brasil","tag-carnaval","tag-cicero-dantas","tag-cipo-2","tag-crisopolis-2","tag-diadema","tag-estupro","tag-euclides-da-cunha","tag-fatima","tag-heliopolis-2","tag-itapicuru","tag-jeremoabo","tag-nova-soure","tag-novo-triunfo","tag-olindina","tag-paripiranga","tag-policiais","tag-presos","tag-quijingue","tag-ribeira-do-amparo","tag-ribeira-do-pombal","tag-sao-paulo","tag-sitio-do-quinto","tag-tucano"],"aioseo_notices":[],"_links":{"self":[{"href":"https:\/\/www.portalalerta.com.br\/index.php\/wp-json\/wp\/v2\/posts\/69800","targetHints":{"allow":["GET"]}}],"collection":[{"href":"https:\/\/www.portalalerta.com.br\/index.php\/wp-json\/wp\/v2\/posts"}],"about":[{"href":"https:\/\/www.portalalerta.com.br\/index.php\/wp-json\/wp\/v2\/types\/post"}],"author":[{"embeddable":true,"href":"https:\/\/www.portalalerta.com.br\/index.php\/wp-json\/wp\/v2\/users\/2"}],"replies":[{"embeddable":true,"href":"https:\/\/www.portalalerta.com.br\/index.php\/wp-json\/wp\/v2\/comments?post=69800"}],"version-history":[{"count":3,"href":"https:\/\/www.portalalerta.com.br\/index.php\/wp-json\/wp\/v2\/posts\/69800\/revisions"}],"predecessor-version":[{"id":69845,"href":"https:\/\/www.portalalerta.com.br\/index.php\/wp-json\/wp\/v2\/posts\/69800\/revisions\/69845"}],"wp:featuredmedia":[{"embeddable":true,"href":"https:\/\/www.portalalerta.com.br\/index.php\/wp-json\/wp\/v2\/media\/69799"}],"wp:attachment":[{"href":"https:\/\/www.portalalerta.com.br\/index.php\/wp-json\/wp\/v2\/media?parent=69800"}],"wp:term":[{"taxonomy":"category","embeddable":true,"href":"https:\/\/www.portalalerta.com.br\/index.php\/wp-json\/wp\/v2\/categories?post=69800"},{"taxonomy":"post_tag","embeddable":true,"href":"https:\/\/www.portalalerta.com.br\/index.php\/wp-json\/wp\/v2\/tags?post=69800"}],"curies":[{"name":"wp","href":"https:\/\/api.w.org\/{rel}","templated":true}]}}