{"id":69802,"date":"2025-03-06T20:57:33","date_gmt":"2025-03-06T23:57:33","guid":{"rendered":"https:\/\/www.portalalerta.com.br\/?p=69802"},"modified":"2025-03-06T20:57:35","modified_gmt":"2025-03-06T23:57:35","slug":"prf-divulga-balanco-da-operacao-carnaval-2025-na-bahia","status":"publish","type":"post","link":"https:\/\/www.portalalerta.com.br\/index.php\/2025\/03\/06\/prf-divulga-balanco-da-operacao-carnaval-2025-na-bahia\/","title":{"rendered":"PRF divulga Balan\u00e7o da Opera\u00e7\u00e3o Carnaval 2025 na Bahia"},"content":{"rendered":"\n<p>Redu\u00e7\u00e3o no n\u00famero de sinistros graves e aumento da fiscaliza\u00e7\u00e3o marcam a atua\u00e7\u00e3o da PRF no estado<\/p>\n\n\n\n<!--more-->\n\n\n\n<p>APol\u00edcia Rodovi\u00e1ria Federal (PRF) na Bahia divulgou, nesta quarta-feira (6), o balan\u00e7o da Opera\u00e7\u00e3o Carnaval 2025, que teve in\u00edcio \u00e0 0h do dia 24 de fevereiro e seguiu at\u00e9 as 23h59 do dia 5 de mar\u00e7o. Durante esse per\u00edodo, as equipes refor\u00e7aram a fiscaliza\u00e7\u00e3o e intensificaram as a\u00e7\u00f5es para coibir comportamentos de risco, garantindo mais seguran\u00e7a nas rodovias federais que cortam o estado.<\/p>\n\n\n\n<p>Para fins comparativos, foram analisados os per\u00edodos de sexta-feira a quarta-feira de cinzas de cada ano, considerando o intervalo de 28 de fevereiro a 5 de mar\u00e7o de 2025 em rela\u00e7\u00e3o ao per\u00edodo de 9 a 14 de fevereiro de 2024.<br><br><\/p>\n\n\n<div class=\"wp-block-image\">\n<figure class=\"alignleft size-large is-resized\"><img fetchpriority=\"high\" decoding=\"async\" src=\"https:\/\/www.portalalerta.com.br\/wp-content\/uploads\/2024\/12\/Sabino-Carrinho-de-mao-1024x1024.jpeg\" alt=\"\" class=\"wp-image-65525\" width=\"404\" height=\"404\" srcset=\"https:\/\/www.portalalerta.com.br\/wp-content\/uploads\/2024\/12\/Sabino-Carrinho-de-mao-1024x1024.jpeg 1024w, https:\/\/www.portalalerta.com.br\/wp-content\/uploads\/2024\/12\/Sabino-Carrinho-de-mao-240x240.jpeg 240w, https:\/\/www.portalalerta.com.br\/wp-content\/uploads\/2024\/12\/Sabino-Carrinho-de-mao-768x768.jpeg 768w, https:\/\/www.portalalerta.com.br\/wp-content\/uploads\/2024\/12\/Sabino-Carrinho-de-mao.jpeg 1080w\" sizes=\"(max-width: 404px) 100vw, 404px\" \/><\/figure><\/div>\n\n\n<p><strong>Aumento da fiscaliza\u00e7\u00e3o e refor\u00e7o nas opera\u00e7\u00f5es<\/strong><\/p>\n\n\n\n<p>A PRF intensificou as a\u00e7\u00f5es fiscalizat\u00f3rias ao longo do feriado, com foco especial em comportamentos de risco, como o excesso de velocidade, as ultrapassagens proibidas e a embriaguez ao volante. As equipes abordaram 9.354 ve\u00edculos, um aumento de 67,63% em compara\u00e7\u00e3o ao Carnaval de 2024, quando foram fiscalizados 5.580 ve\u00edculos. O n\u00famero de pessoas fiscalizadas tamb\u00e9m aumentou significativamente, alcan\u00e7ando 11.671 pessoas, um crescimento de 68,34% em rela\u00e7\u00e3o ao ano anterior.<\/p>\n\n\n\n<p>No combate \u00e0 embriaguez ao volante, foram realizados 7.660 testes de alcoolemia, um aumento expressivo de 86,92% em rela\u00e7\u00e3o a 2024, quando foram aplicados 4.098 testes. A fiscaliza\u00e7\u00e3o rigorosa tamb\u00e9m resultou em um aumento de 38,78% nos autos de infra\u00e7\u00e3o lavrados durante a opera\u00e7\u00e3o.<\/p>\n\n\n\n<p>O uso de radares m\u00f3veis foi fundamental para coibir o excesso de velocidade, sendo registradas 1696 imagens de ve\u00edculos transitando acima do limite permitido. Al\u00e9m da fiscaliza\u00e7\u00e3o, a PRF refor\u00e7ou as a\u00e7\u00f5es educativas, impactando 526 pessoas por meio de iniciativas como fiscaliza\u00e7\u00e3o dirigida e cinema rodovi\u00e1rio, al\u00e9m de a\u00e7\u00f5es preventivas em terminais de transporte coletivo.<br><br><\/p>\n\n\n\n<p><strong>Infra\u00e7\u00f5es de Tr\u00e2nsito<\/strong><\/p>\n\n\n\n<p>A Opera\u00e7\u00e3o Carnaval 2025&nbsp; registrou um aumento nas infra\u00e7\u00f5es de tr\u00e2nsito. Durante o per\u00edodo, 7 condutores foram autuados por dirigir sob o efeito de \u00e1lcool, enquanto 129 motoristas se recusaram a realizar o teste do etil\u00f4metro, um aumento de 76,71% em rela\u00e7\u00e3o aos 73 casos registrados no Carnaval de 2024. Al\u00e9m disso, 367 motoristas foram flagrados conduzindo ve\u00edculos com irregularidades no licenciamento. Outro ponto de destaque foi o crescimento no n\u00famero de ultrapassagens em locais proibidos. As ultrapassagens em faixa cont\u00ednua aumentaram 35,45%, totalizando 959 autua\u00e7\u00f5es.<br><br><\/p>\n\n\n\n<p><strong>Redu\u00e7\u00e3o de sinistros de tr\u00e2nsito<\/strong><\/p>\n\n\n\n<p>A Opera\u00e7\u00e3o Carnaval 2025 resultou em uma redu\u00e7\u00e3o significativa nos sinistros de tr\u00e2nsito. Durante o per\u00edodo, foram contabilizados 41 acidentes, o que representa uma queda de 10,9% em rela\u00e7\u00e3o ao ano anterior. Os sinistros considerados graves tamb\u00e9m apresentaram redu\u00e7\u00e3o expressiva, passando de 21 em 2024 para 13 em 2025, o que equivale a uma diminui\u00e7\u00e3o de 38%. O n\u00famero de mortes caiu 70%, passando de 10 para 3 \u00f3bitos. Esses dados refletem o impacto positivo da intensifica\u00e7\u00e3o da fiscaliza\u00e7\u00e3o e das a\u00e7\u00f5es preventivas realizadas pela PRF na Bahia.<br><br><\/p>\n\n\n\n<p><strong>Combate ao crime<\/strong><\/p>\n\n\n\n<p>Al\u00e9m da fiscaliza\u00e7\u00e3o de tr\u00e2nsito, a PRF tamb\u00e9m intensificou o combate \u00e0 criminalidade nas rodovias federais durante o per\u00edodo do Carnaval. No total, 35 pessoas foram detidas por crimes diversos, sendo que 3 dessas pris\u00f5es ocorreram pelo crime de embriaguez ao volante.&nbsp;Destaque tamb\u00e9m para identifica\u00e7\u00e3o de autom\u00f3veis adulterados, resultando na recupera\u00e7\u00e3o de 10 ve\u00edculos com registro de roubo ou furto. A atua\u00e7\u00e3o policial contou com abordagens estrat\u00e9gicas e a\u00e7\u00f5es integradas que resultaram na retirada de criminosos de circula\u00e7\u00e3o, refor\u00e7ando a seguran\u00e7a vi\u00e1ria e a prote\u00e7\u00e3o da sociedade.<br><br><\/p>\n\n\n\n<p><strong>Fluxo de ve\u00edculos nas rodovias<\/strong><\/p>\n\n\n\n<p>A opera\u00e7\u00e3o ocorreu em um contexto de aumento no fluxo de ve\u00edculos, estimado entre 10% e 15% nas rodovias federais do estado. Na BR-324, principal liga\u00e7\u00e3o entre Salvador e o interior, a concession\u00e1ria ViaBahia registrou um acr\u00e9scimo de 4,7% na circula\u00e7\u00e3o de ve\u00edculos, totalizando cerca de 290 mil deslocamentos no per\u00edodo de Carnaval.<\/p>\n\n\n\n<p>Os dias de maior movimenta\u00e7\u00e3o ocorreram na sexta-feira (28), com a sa\u00edda para o feriado, e na quarta-feira de cinzas (5), com o retorno dos foli\u00f5es \u00e0 capital e aos interiores do estado.<\/p>\n\n\n\n<p>Fonte: gov.br<\/p>\n","protected":false},"excerpt":{"rendered":"<p>Redu\u00e7\u00e3o no n\u00famero de sinistros graves e aumento da fiscaliza\u00e7\u00e3o marcam a atua\u00e7\u00e3o da PRF no estado<\/p>\n","protected":false},"author":2,"featured_media":54922,"comment_status":"open","ping_status":"open","sticky":false,"template":"","format":"standard","meta":{"om_disable_all_campaigns":false,"_monsterinsights_skip_tracking":false,"_monsterinsights_sitenote_active":false,"_monsterinsights_sitenote_note":"","_monsterinsights_sitenote_category":0,"footnotes":""},"categories":[33,70,36,69,22],"tags":[100,71,48,54,448,75,4178,4180,129,107,4181,132,230,106,203,120,51,149,109,88,47,111,190],"class_list":["post-69802","post","type-post","status-publish","format-standard","has-post-thumbnail","hentry","category-bahia","category-destaques","category-lazer","category-noticias2","category-seguranca","tag-adustina","tag-antas","tag-araci","tag-bahia","tag-carnaval","tag-cicero-dantas","tag-cipo-2","tag-crisopolis-2","tag-euclides-da-cunha","tag-fatima","tag-heliopolis-2","tag-itapicuru","tag-jeremoabo","tag-nova-soure","tag-novo-triunfo","tag-olindina","tag-paripiranga","tag-prf","tag-quijingue","tag-ribeira-do-amparo","tag-ribeira-do-pombal","tag-sitio-do-quinto","tag-tucano"],"aioseo_notices":[],"_links":{"self":[{"href":"https:\/\/www.portalalerta.com.br\/index.php\/wp-json\/wp\/v2\/posts\/69802","targetHints":{"allow":["GET"]}}],"collection":[{"href":"https:\/\/www.portalalerta.com.br\/index.php\/wp-json\/wp\/v2\/posts"}],"about":[{"href":"https:\/\/www.portalalerta.com.br\/index.php\/wp-json\/wp\/v2\/types\/post"}],"author":[{"embeddable":true,"href":"https:\/\/www.portalalerta.com.br\/index.php\/wp-json\/wp\/v2\/users\/2"}],"replies":[{"embeddable":true,"href":"https:\/\/www.portalalerta.com.br\/index.php\/wp-json\/wp\/v2\/comments?post=69802"}],"version-history":[{"count":1,"href":"https:\/\/www.portalalerta.com.br\/index.php\/wp-json\/wp\/v2\/posts\/69802\/revisions"}],"predecessor-version":[{"id":69803,"href":"https:\/\/www.portalalerta.com.br\/index.php\/wp-json\/wp\/v2\/posts\/69802\/revisions\/69803"}],"wp:featuredmedia":[{"embeddable":true,"href":"https:\/\/www.portalalerta.com.br\/index.php\/wp-json\/wp\/v2\/media\/54922"}],"wp:attachment":[{"href":"https:\/\/www.portalalerta.com.br\/index.php\/wp-json\/wp\/v2\/media?parent=69802"}],"wp:term":[{"taxonomy":"category","embeddable":true,"href":"https:\/\/www.portalalerta.com.br\/index.php\/wp-json\/wp\/v2\/categories?post=69802"},{"taxonomy":"post_tag","embeddable":true,"href":"https:\/\/www.portalalerta.com.br\/index.php\/wp-json\/wp\/v2\/tags?post=69802"}],"curies":[{"name":"wp","href":"https:\/\/api.w.org\/{rel}","templated":true}]}}