{"id":69913,"date":"2025-03-11T19:59:16","date_gmt":"2025-03-11T22:59:16","guid":{"rendered":"https:\/\/www.portalalerta.com.br\/?p=69913"},"modified":"2025-03-11T19:59:18","modified_gmt":"2025-03-11T22:59:18","slug":"jorjao-quebra-pedra-e-assassinado-em-plena-luz-do-dia-no-centro-de-ribeira-do-pombal-ba-este-e-o-segundo-homicidio-do-ano-na-cidade","status":"publish","type":"post","link":"https:\/\/www.portalalerta.com.br\/index.php\/2025\/03\/11\/jorjao-quebra-pedra-e-assassinado-em-plena-luz-do-dia-no-centro-de-ribeira-do-pombal-ba-este-e-o-segundo-homicidio-do-ano-na-cidade\/","title":{"rendered":"\u201cJorj\u00e3o Quebra Pedra\u201d \u00e9 assassinado em plena luz do dia no centro de Ribeira do Pombal-BA. Este \u00e9 o segundo homic\u00eddio do ano, na cidade!"},"content":{"rendered":"\n<p>Pouco depois das 8h desta ter\u00e7a-feira (11), dois criminosos a bordo de uma moto de dados n\u00e3o informados, emparelhou o ve\u00edculo com o carro GM, Astra de cor verde, que era conduzido por Jorge Jesus dos Santos (Jorj\u00e3o Quebra Pedra), quando este parava no sem\u00e1foro entre o cruzamento da Av. Pedro Rodrigues da Concei\u00e7\u00e3o e a Av. Oliveira Brito, centro da cidade.<\/p>\n\n\n\n<!--more-->\n\n\n\n<p>Os criminosos passaram a efetuar diversos disparos de arma de fogo em dire\u00e7\u00e3o ao interior do ve\u00edculo, alvejando assim Jorj\u00e3o com mais de dez disparos, levando a v\u00edtima \u00e0 morte ainda no local.<\/p>\n\n\n<div class=\"wp-block-image\">\n<figure class=\"alignleft size-large is-resized\"><img fetchpriority=\"high\" decoding=\"async\" src=\"https:\/\/www.portalalerta.com.br\/wp-content\/uploads\/2024\/12\/Sabino-Carrinho-de-mao-1024x1024.jpeg\" alt=\"\" class=\"wp-image-65525\" width=\"266\" height=\"266\" srcset=\"https:\/\/www.portalalerta.com.br\/wp-content\/uploads\/2024\/12\/Sabino-Carrinho-de-mao-1024x1024.jpeg 1024w, https:\/\/www.portalalerta.com.br\/wp-content\/uploads\/2024\/12\/Sabino-Carrinho-de-mao-240x240.jpeg 240w, https:\/\/www.portalalerta.com.br\/wp-content\/uploads\/2024\/12\/Sabino-Carrinho-de-mao-768x768.jpeg 768w, https:\/\/www.portalalerta.com.br\/wp-content\/uploads\/2024\/12\/Sabino-Carrinho-de-mao.jpeg 1080w\" sizes=\"(max-width: 266px) 100vw, 266px\" \/><\/figure><\/div>\n\n\n<p>C\u00e2meras de monitoramento flagraram o momento do crime, bem como a grande movimenta\u00e7\u00e3o de pessoas, por conta do hor\u00e1rio e local, que \u00e9 bastante frequentado, tendo em vista a proximidade de uma cl\u00ednica m\u00e9dica, com\u00e9rcios, e Secretaria Municipal de Educa\u00e7\u00e3o.<\/p>\n\n\n\n<p>Ap\u00f3s o homic\u00eddio, a dupla fugiu para um destino ignorado. J\u00e1 o corpo da v\u00edtima foi recolhido no final da manh\u00e3, e foi levado para o IML de Euclides da Cunha-BA, onde dever\u00e1 ser autopsiado.<\/p>\n\n\n\n<p>Este \u00e9 o segundo homic\u00eddio do ano em Ribeira do Pombal.<\/p>\n\n\n\n<p><strong>Jorj\u00e3o Quebra Pedra<\/strong><\/p>\n\n\n\n<p>Jorge Jesus dos Santos, era bastante conhecido em Ribeira do Pombal. Se tornou o \u201cJorj\u00e3o Quebra Pedra\u201d, devido ao seu porte f\u00edsico, nome que levou consigo para os ringues e tatames, onde se aventurou no mundo das artes marciais.<\/p>\n\n\n\n<p>Considerado um homem trabalhador, auxiliou nos servi\u00e7os de cargas e descargas de caminh\u00f5es em dep\u00f3sitos situados \u00e0 Rua da Mirandela, nas proximidades de sua resid\u00eancia. Posteriormente foi convidado a trabalhar como carcereiro na Delegacia de Pol\u00edcia Civil, al\u00e9m de ter atuado como Seguran\u00e7a, fazendo eventos, bem como do ent\u00e3o prefeito Ricardo Maia, hoje Deputado Federal.<\/p>\n\n\n\n<p>No dia 13 de mar\u00e7o de 2016, a hist\u00f3ria de Jorj\u00e3o come\u00e7ou a mudar. Era uma tarde de domingo, quando o seu filho Van Damme Souza Santos, na \u00e9poca com 16 anos, foi assassinado com diversos tiros, quando este se encontrava na Rua S\u00e3o Miguel, centro de Ribeira do Pombal. Aquele era o s\u00e9timo homic\u00eddio do ano, num per\u00edodo em que a cidade registrava altos \u00edndices de viol\u00eancia, sendo a maioria dos crimes, realizados pelo por fac\u00e7\u00f5es criminosas.<\/p>\n\n\n\n<p>Ap\u00f3s tomar conhecimento que seu filho tinha sido assassinado por uma fac\u00e7\u00e3o, Jorj\u00e3o jurou vingan\u00e7a, e passou a cometer crimes. Em novembro de 2017, pouco mais de um ano ap\u00f3s a morte de seu filho, Jorge foi preso em cumprimento a um mandado de pris\u00e3o preventiva sob a acusa\u00e7\u00e3o de homic\u00eddio qualificado. No momento da pris\u00e3o, foram encontrados com ele: <strong>01 rev\u00f3lver cal. 38 municiado, e um carregador de pistola cal. 380, contendo 18 muni\u00e7\u00f5es intactas.<\/strong><\/p>\n\n\n\n<p>O homic\u00eddio desta ter\u00e7a-feira (11), encerra a hist\u00f3ria cheia de contradi\u00e7\u00f5es de Jorge Jesus dos Santos, o Jorj\u00e3o Quebra Pedra.<\/p>\n\n\n\n<p><em>Reda\u00e7\u00e3o: Portal Alerta &nbsp;<\/em><\/p>\n","protected":false},"excerpt":{"rendered":"<p>Pouco depois das 8h desta ter\u00e7a-feira (11), dois criminosos a bordo de uma moto de dados n\u00e3o informados, emparelhou o ve\u00edculo com o carro GM, Astra de cor verde, que era conduzido por Jorge Jesus dos Santos (Jorj\u00e3o Quebra Pedra), quando este parava no sem\u00e1foro entre o cruzamento da Av. Pedro Rodrigues da Concei\u00e7\u00e3o e &hellip;<\/p>\n","protected":false},"author":2,"featured_media":69914,"comment_status":"open","ping_status":"open","sticky":false,"template":"","format":"standard","meta":{"om_disable_all_campaigns":false,"_monsterinsights_skip_tracking":false,"_monsterinsights_sitenote_active":false,"_monsterinsights_sitenote_note":"","_monsterinsights_sitenote_category":0,"footnotes":""},"categories":[70,69,32,3,22],"tags":[100,71,48,75,4178,4180,375,129,107,4181,206,132,230,106,203,120,51,109,88,47,111],"class_list":["post-69913","post","type-post","status-publish","format-standard","has-post-thumbnail","hentry","category-destaques","category-noticias2","category-regiao","category-ribeira-do-pombal","category-seguranca","tag-adustina","tag-antas","tag-araci","tag-cicero-dantas","tag-cipo-2","tag-crisopolis-2","tag-disparos-de-arma-de-fogo","tag-euclides-da-cunha","tag-fatima","tag-heliopolis-2","tag-homicidio","tag-itapicuru","tag-jeremoabo","tag-nova-soure","tag-novo-triunfo","tag-olindina","tag-paripiranga","tag-quijingue","tag-ribeira-do-amparo","tag-ribeira-do-pombal","tag-sitio-do-quinto"],"aioseo_notices":[],"_links":{"self":[{"href":"https:\/\/www.portalalerta.com.br\/index.php\/wp-json\/wp\/v2\/posts\/69913","targetHints":{"allow":["GET"]}}],"collection":[{"href":"https:\/\/www.portalalerta.com.br\/index.php\/wp-json\/wp\/v2\/posts"}],"about":[{"href":"https:\/\/www.portalalerta.com.br\/index.php\/wp-json\/wp\/v2\/types\/post"}],"author":[{"embeddable":true,"href":"https:\/\/www.portalalerta.com.br\/index.php\/wp-json\/wp\/v2\/users\/2"}],"replies":[{"embeddable":true,"href":"https:\/\/www.portalalerta.com.br\/index.php\/wp-json\/wp\/v2\/comments?post=69913"}],"version-history":[{"count":1,"href":"https:\/\/www.portalalerta.com.br\/index.php\/wp-json\/wp\/v2\/posts\/69913\/revisions"}],"predecessor-version":[{"id":69915,"href":"https:\/\/www.portalalerta.com.br\/index.php\/wp-json\/wp\/v2\/posts\/69913\/revisions\/69915"}],"wp:featuredmedia":[{"embeddable":true,"href":"https:\/\/www.portalalerta.com.br\/index.php\/wp-json\/wp\/v2\/media\/69914"}],"wp:attachment":[{"href":"https:\/\/www.portalalerta.com.br\/index.php\/wp-json\/wp\/v2\/media?parent=69913"}],"wp:term":[{"taxonomy":"category","embeddable":true,"href":"https:\/\/www.portalalerta.com.br\/index.php\/wp-json\/wp\/v2\/categories?post=69913"},{"taxonomy":"post_tag","embeddable":true,"href":"https:\/\/www.portalalerta.com.br\/index.php\/wp-json\/wp\/v2\/tags?post=69913"}],"curies":[{"name":"wp","href":"https:\/\/api.w.org\/{rel}","templated":true}]}}