{"id":69993,"date":"2025-03-13T16:02:00","date_gmt":"2025-03-13T19:02:00","guid":{"rendered":"https:\/\/www.portalalerta.com.br\/?p=69993"},"modified":"2025-03-13T22:07:26","modified_gmt":"2025-03-14T01:07:26","slug":"mpf-orienta-abertura-de-acoes-judiciais-em-361-municipios-para-investigar-emendas-pix","status":"publish","type":"post","link":"https:\/\/www.portalalerta.com.br\/index.php\/2025\/03\/13\/mpf-orienta-abertura-de-acoes-judiciais-em-361-municipios-para-investigar-emendas-pix\/","title":{"rendered":"MPF orienta abertura de a\u00e7\u00f5es judiciais em 361 munic\u00edpios para investigar emendas Pix. Tucano se destaca na Bahia!"},"content":{"rendered":"\n<p><strong>Entre esse munic\u00edpios, 44 s\u00e3o da Bahia e somam R$ 66 milh\u00f5es recebidos<\/strong><\/p>\n\n\n\n<!--more-->\n\n\n\n<p><strong>Mais de 300 munic\u00edpios podem entrar na mira do Minist\u00e9rio P\u00fablico Federal (MPF) nos pr\u00f3ximos dias. Isso porque o \u00f3rg\u00e3o orientou procuradores federais a prepararem a\u00e7\u00f5es judiciais em munic\u00edpios que n\u00e3o prestaram contas sobre como usaram emendas Pix.<\/strong><\/p>\n\n\n<div class=\"wp-block-image\">\n<figure class=\"alignleft size-large is-resized\"><img fetchpriority=\"high\" decoding=\"async\" src=\"https:\/\/www.portalalerta.com.br\/wp-content\/uploads\/2024\/04\/autoescola-emprego-1024x1024.jpg\" alt=\"\" class=\"wp-image-55693\" width=\"435\" height=\"435\" srcset=\"https:\/\/www.portalalerta.com.br\/wp-content\/uploads\/2024\/04\/autoescola-emprego-1024x1024.jpg 1024w, https:\/\/www.portalalerta.com.br\/wp-content\/uploads\/2024\/04\/autoescola-emprego-240x240.jpg 240w, https:\/\/www.portalalerta.com.br\/wp-content\/uploads\/2024\/04\/autoescola-emprego-768x768.jpg 768w, https:\/\/www.portalalerta.com.br\/wp-content\/uploads\/2024\/04\/autoescola-emprego.jpg 1080w\" sizes=\"(max-width: 435px) 100vw, 435px\" \/><\/figure><\/div>\n\n\n<p><strong>Ao todo, s\u00e3o 316 munic\u00edpios que receberam verbas em 2024 e chegaram a ser notificados pelo MPF sobre a necessidade de um plano de trabalho informando detalhes sobre o uso dessas emendas. Eles foram orientados a inserir dados no Transfere.Gov, uma plataforma do governo federal, e a abrir contas espec\u00edficas para receber os recursos. Como as medidas n\u00e3o foram adotadas, o MPF recomendou, em of\u00edcio do \u00faltimo dia 18 de fevereiro, a abertura de a\u00e7\u00f5es criminais contra os prefeitos por crime de responsabilidade.<\/strong><\/p>\n\n\n\n<p><strong>As informa\u00e7\u00f5es s\u00e3o da colunista Nat\u00e1lia Portinari, do portal Uol. De acordo com ela, s\u00f3 no ano passado, R$ 279 milh\u00f5es foram enviados em emendas Pix para cidades que n\u00e3o fizeram a presta\u00e7\u00e3o de contas.<\/strong><\/p>\n\n\n\n<p><strong>Entre esse munic\u00edpios, 44 s\u00e3o da Bahia e somam R$ 66 milh\u00f5es recebidos. Outros 53 munic\u00edpios s\u00e3o de S\u00e3o Paulo (R$ 17,8 milh\u00f5es), 37 do Rio Grande do Sul (R$ 13,5 milh\u00f5es), 30 de Minas Gerais (R$ 14,6 milh\u00f5es) e 197 de outros estados. A cidade baiana de Tucano \u00e9 um dos destaques, com o valor mais expressivo: R$ 11,7 milh\u00f5es.<\/strong><\/p>\n\n\n\n<p><em>Fonte: Metro 1<\/em><\/p>\n","protected":false},"excerpt":{"rendered":"<p>Entre esse munic\u00edpios, 44 s\u00e3o da Bahia e somam R$ 66 milh\u00f5es recebidos<\/p>\n","protected":false},"author":2,"featured_media":45719,"comment_status":"open","ping_status":"open","sticky":false,"template":"","format":"standard","meta":{"om_disable_all_campaigns":false,"_monsterinsights_skip_tracking":false,"_monsterinsights_sitenote_active":false,"_monsterinsights_sitenote_note":"","_monsterinsights_sitenote_category":0,"footnotes":""},"categories":[33,34,70,69,21,32,12],"tags":[100,71,48,54,93,75,4178,4180,7109,129,107,4181,132,230,270,440,106,203,120,51,109,88,47,146,3908,111,190],"class_list":["post-69993","post","type-post","status-publish","format-standard","has-post-thumbnail","hentry","category-bahia","category-brasil","category-destaques","category-noticias2","category-politica","category-regiao","category-tucano","tag-adustina","tag-antas","tag-araci","tag-bahia","tag-brasil","tag-cicero-dantas","tag-cipo-2","tag-crisopolis-2","tag-emendas-pix","tag-euclides-da-cunha","tag-fatima","tag-heliopolis-2","tag-itapicuru","tag-jeremoabo","tag-justica","tag-mpf","tag-nova-soure","tag-novo-triunfo","tag-olindina","tag-paripiranga","tag-quijingue","tag-ribeira-do-amparo","tag-ribeira-do-pombal","tag-ricardo-maia","tag-ricardo-maia-filho","tag-sitio-do-quinto","tag-tucano"],"aioseo_notices":[],"_links":{"self":[{"href":"https:\/\/www.portalalerta.com.br\/index.php\/wp-json\/wp\/v2\/posts\/69993","targetHints":{"allow":["GET"]}}],"collection":[{"href":"https:\/\/www.portalalerta.com.br\/index.php\/wp-json\/wp\/v2\/posts"}],"about":[{"href":"https:\/\/www.portalalerta.com.br\/index.php\/wp-json\/wp\/v2\/types\/post"}],"author":[{"embeddable":true,"href":"https:\/\/www.portalalerta.com.br\/index.php\/wp-json\/wp\/v2\/users\/2"}],"replies":[{"embeddable":true,"href":"https:\/\/www.portalalerta.com.br\/index.php\/wp-json\/wp\/v2\/comments?post=69993"}],"version-history":[{"count":3,"href":"https:\/\/www.portalalerta.com.br\/index.php\/wp-json\/wp\/v2\/posts\/69993\/revisions"}],"predecessor-version":[{"id":70011,"href":"https:\/\/www.portalalerta.com.br\/index.php\/wp-json\/wp\/v2\/posts\/69993\/revisions\/70011"}],"wp:featuredmedia":[{"embeddable":true,"href":"https:\/\/www.portalalerta.com.br\/index.php\/wp-json\/wp\/v2\/media\/45719"}],"wp:attachment":[{"href":"https:\/\/www.portalalerta.com.br\/index.php\/wp-json\/wp\/v2\/media?parent=69993"}],"wp:term":[{"taxonomy":"category","embeddable":true,"href":"https:\/\/www.portalalerta.com.br\/index.php\/wp-json\/wp\/v2\/categories?post=69993"},{"taxonomy":"post_tag","embeddable":true,"href":"https:\/\/www.portalalerta.com.br\/index.php\/wp-json\/wp\/v2\/tags?post=69993"}],"curies":[{"name":"wp","href":"https:\/\/api.w.org\/{rel}","templated":true}]}}