{"id":70078,"date":"2025-03-17T18:03:00","date_gmt":"2025-03-17T21:03:00","guid":{"rendered":"https:\/\/www.portalalerta.com.br\/?p=70078"},"modified":"2025-03-17T14:53:08","modified_gmt":"2025-03-17T17:53:08","slug":"homem-e-preso-com-arma-de-fogo-apos-ameacar-populares-em-banzae-ba","status":"publish","type":"post","link":"https:\/\/www.portalalerta.com.br\/index.php\/2025\/03\/17\/homem-e-preso-com-arma-de-fogo-apos-ameacar-populares-em-banzae-ba\/","title":{"rendered":"Homem \u00e9 preso com arma de fogo ap\u00f3s amea\u00e7ar populares, em Banza\u00ea-BA"},"content":{"rendered":"\n<p>Por volta das 19h10 do \u00faltimo s\u00e1bado (15), um homem foi preso por porte ilegal de arma de fogo, no povoado Salgado, em Banza\u00ea-BA.<\/p>\n\n\n\n<!--more-->\n\n\n<div class=\"wp-block-image\">\n<figure class=\"alignleft size-large is-resized\"><img fetchpriority=\"high\" decoding=\"async\" src=\"https:\/\/www.portalalerta.com.br\/wp-content\/uploads\/2024\/12\/Sabino-Carrinho-de-mao-1024x1024.jpeg\" alt=\"\" class=\"wp-image-65525\" width=\"435\" height=\"435\" srcset=\"https:\/\/www.portalalerta.com.br\/wp-content\/uploads\/2024\/12\/Sabino-Carrinho-de-mao-1024x1024.jpeg 1024w, https:\/\/www.portalalerta.com.br\/wp-content\/uploads\/2024\/12\/Sabino-Carrinho-de-mao-240x240.jpeg 240w, https:\/\/www.portalalerta.com.br\/wp-content\/uploads\/2024\/12\/Sabino-Carrinho-de-mao-768x768.jpeg 768w, https:\/\/www.portalalerta.com.br\/wp-content\/uploads\/2024\/12\/Sabino-Carrinho-de-mao.jpeg 1080w\" sizes=\"(max-width: 435px) 100vw, 435px\" \/><\/figure><\/div>\n\n\n<p>A pris\u00e3o aconteceu ap\u00f3s den\u00fancia, de populares, que apontavam a presen\u00e7a de um homem portando arma de fogo, e que fazia amea\u00e7as aos presentes. Policiais militares da cidade, foram at\u00e9 o local, onde localizaram o suspeito, e ap\u00f3s busca pessoal, foi encontrado sob a sua posse um rev\u00f3lver aparentemente cal. 38, com numera\u00e7\u00e3o raspada, e sem muni\u00e7\u00e3o.<\/p>\n\n\n\n<p>Tanto o rapaz, cuja identidade n\u00e3o foi divulgada, quanto a arma de fogo, foram conduzidos e apresentados na Central de Flagrantes, em Ribeira do Pombal-BA, para a ado\u00e7\u00e3o das medidas cab\u00edveis.<\/p>\n\n\n\n<p><em>Reda\u00e7\u00e3o: Portal Alerta<\/em><\/p>\n","protected":false},"excerpt":{"rendered":"<p>Por volta das 19h10 do \u00faltimo s\u00e1bado (15), um homem foi preso por porte ilegal de arma de fogo, no povoado Salgado, em Banza\u00ea-BA.<\/p>\n","protected":false},"author":2,"featured_media":70057,"comment_status":"open","ping_status":"open","sticky":false,"template":"","format":"standard","meta":{"om_disable_all_campaigns":false,"_monsterinsights_skip_tracking":false,"_monsterinsights_sitenote_active":false,"_monsterinsights_sitenote_note":"","_monsterinsights_sitenote_category":0,"footnotes":""},"categories":[39,70,69,32,22],"tags":[100,59,71,48,75,4178,4180,129,107,4181,132,230,106,203,120,51,79,83,77,109,88,47,111,190],"class_list":["post-70078","post","type-post","status-publish","format-standard","has-post-thumbnail","hentry","category-banzae","category-destaques","category-noticias2","category-regiao","category-seguranca","tag-adustina","tag-ameaca","tag-antas","tag-araci","tag-cicero-dantas","tag-cipo-2","tag-crisopolis-2","tag-euclides-da-cunha","tag-fatima","tag-heliopolis-2","tag-itapicuru","tag-jeremoabo","tag-nova-soure","tag-novo-triunfo","tag-olindina","tag-paripiranga","tag-policia-militar","tag-porte-ilegal-de-arma-de-fogo","tag-preso","tag-quijingue","tag-ribeira-do-amparo","tag-ribeira-do-pombal","tag-sitio-do-quinto","tag-tucano"],"aioseo_notices":[],"_links":{"self":[{"href":"https:\/\/www.portalalerta.com.br\/index.php\/wp-json\/wp\/v2\/posts\/70078","targetHints":{"allow":["GET"]}}],"collection":[{"href":"https:\/\/www.portalalerta.com.br\/index.php\/wp-json\/wp\/v2\/posts"}],"about":[{"href":"https:\/\/www.portalalerta.com.br\/index.php\/wp-json\/wp\/v2\/types\/post"}],"author":[{"embeddable":true,"href":"https:\/\/www.portalalerta.com.br\/index.php\/wp-json\/wp\/v2\/users\/2"}],"replies":[{"embeddable":true,"href":"https:\/\/www.portalalerta.com.br\/index.php\/wp-json\/wp\/v2\/comments?post=70078"}],"version-history":[{"count":1,"href":"https:\/\/www.portalalerta.com.br\/index.php\/wp-json\/wp\/v2\/posts\/70078\/revisions"}],"predecessor-version":[{"id":70079,"href":"https:\/\/www.portalalerta.com.br\/index.php\/wp-json\/wp\/v2\/posts\/70078\/revisions\/70079"}],"wp:featuredmedia":[{"embeddable":true,"href":"https:\/\/www.portalalerta.com.br\/index.php\/wp-json\/wp\/v2\/media\/70057"}],"wp:attachment":[{"href":"https:\/\/www.portalalerta.com.br\/index.php\/wp-json\/wp\/v2\/media?parent=70078"}],"wp:term":[{"taxonomy":"category","embeddable":true,"href":"https:\/\/www.portalalerta.com.br\/index.php\/wp-json\/wp\/v2\/categories?post=70078"},{"taxonomy":"post_tag","embeddable":true,"href":"https:\/\/www.portalalerta.com.br\/index.php\/wp-json\/wp\/v2\/tags?post=70078"}],"curies":[{"name":"wp","href":"https:\/\/api.w.org\/{rel}","templated":true}]}}