{"id":70124,"date":"2025-03-19T13:05:45","date_gmt":"2025-03-19T16:05:45","guid":{"rendered":"https:\/\/www.portalalerta.com.br\/?p=70124"},"modified":"2025-03-19T13:05:47","modified_gmt":"2025-03-19T16:05:47","slug":"homem-fica-ferido-apos-acidente-na-br-116-entre-araci-e-tucano","status":"publish","type":"post","link":"https:\/\/www.portalalerta.com.br\/index.php\/2025\/03\/19\/homem-fica-ferido-apos-acidente-na-br-116-entre-araci-e-tucano\/","title":{"rendered":"Homem fica ferido ap\u00f3s acidente na BR-116, entre Araci e Tucano"},"content":{"rendered":"\n<p>Um homem ficou ferido ap\u00f3s um acidente na BR-116, na madrugada desta segunda-feira (17), entre as cidades de Araci e Tucano, na regi\u00e3o sisaleira da Bahia. Segundo a Pol\u00edcia Militar, a v\u00edtima foi identificada como Cledison Reis Cavalcante Concei\u00e7\u00e3o J\u00fanior, de 24 anos.<\/p>\n\n\n\n<!--more-->\n\n\n\n<p>De acordo com a corpora\u00e7\u00e3o, ele estava em um caminh\u00e3o Mercedes-Benz L 1620, de cor vermelha, com placa de Campo do Brito (SE), quando o ve\u00edculo se envolveu no acidente pr\u00f3ximo \u00e0 ponte do Rio Angico. Com o impacto, ele ficou preso \u00e0s ferragens e precisou ser resgatado por outros caminhoneiros e por uma equipe do Samu.<\/p>\n\n\n\n<p>A Pol\u00edcia Militar informou que Cledison sofreu ferimentos no t\u00f3rax, na perna e no bra\u00e7o esquerdo. Ele foi socorrido e levado para a Unidade de Pronto Atendimento (UPA) de Araci. Depois, foi regulado para transfer\u00eancia ao Hospital Cl\u00e9riston Andrade, em Feira de Santana.<\/p>\n\n\n\n<p>As causas do acidente n\u00e3o foram divulgadas, assim como o estado de sa\u00fade da v\u00edtima.<\/p>\n\n\n\n<p><em>Fonte: Not\u00edcias de Santaluz<\/em><\/p>\n","protected":false},"excerpt":{"rendered":"<p>Um homem ficou ferido ap\u00f3s um acidente na BR-116, na madrugada desta segunda-feira (17), entre as cidades de Araci e Tucano, na regi\u00e3o sisaleira da Bahia. Segundo a Pol\u00edcia Militar, a v\u00edtima foi identificada como Cledison Reis Cavalcante Concei\u00e7\u00e3o J\u00fanior, de 24 anos.<\/p>\n","protected":false},"author":2,"featured_media":56445,"comment_status":"open","ping_status":"open","sticky":false,"template":"","format":"standard","meta":{"om_disable_all_campaigns":false,"_monsterinsights_skip_tracking":false,"_monsterinsights_sitenote_active":false,"_monsterinsights_sitenote_note":"","_monsterinsights_sitenote_category":0,"footnotes":""},"categories":[41,70,69,32,12],"tags":[166,100,71,48,289,75,4178,4180,129,107,299,4181,132,230,106,203,120,51,109,88,47,111,190],"class_list":["post-70124","post","type-post","status-publish","format-standard","has-post-thumbnail","hentry","category-araci","category-destaques","category-noticias2","category-regiao","category-tucano","tag-acidente","tag-adustina","tag-antas","tag-araci","tag-br-116","tag-cicero-dantas","tag-cipo-2","tag-crisopolis-2","tag-euclides-da-cunha","tag-fatima","tag-ferido","tag-heliopolis-2","tag-itapicuru","tag-jeremoabo","tag-nova-soure","tag-novo-triunfo","tag-olindina","tag-paripiranga","tag-quijingue","tag-ribeira-do-amparo","tag-ribeira-do-pombal","tag-sitio-do-quinto","tag-tucano"],"aioseo_notices":[],"_links":{"self":[{"href":"https:\/\/www.portalalerta.com.br\/index.php\/wp-json\/wp\/v2\/posts\/70124","targetHints":{"allow":["GET"]}}],"collection":[{"href":"https:\/\/www.portalalerta.com.br\/index.php\/wp-json\/wp\/v2\/posts"}],"about":[{"href":"https:\/\/www.portalalerta.com.br\/index.php\/wp-json\/wp\/v2\/types\/post"}],"author":[{"embeddable":true,"href":"https:\/\/www.portalalerta.com.br\/index.php\/wp-json\/wp\/v2\/users\/2"}],"replies":[{"embeddable":true,"href":"https:\/\/www.portalalerta.com.br\/index.php\/wp-json\/wp\/v2\/comments?post=70124"}],"version-history":[{"count":1,"href":"https:\/\/www.portalalerta.com.br\/index.php\/wp-json\/wp\/v2\/posts\/70124\/revisions"}],"predecessor-version":[{"id":70125,"href":"https:\/\/www.portalalerta.com.br\/index.php\/wp-json\/wp\/v2\/posts\/70124\/revisions\/70125"}],"wp:featuredmedia":[{"embeddable":true,"href":"https:\/\/www.portalalerta.com.br\/index.php\/wp-json\/wp\/v2\/media\/56445"}],"wp:attachment":[{"href":"https:\/\/www.portalalerta.com.br\/index.php\/wp-json\/wp\/v2\/media?parent=70124"}],"wp:term":[{"taxonomy":"category","embeddable":true,"href":"https:\/\/www.portalalerta.com.br\/index.php\/wp-json\/wp\/v2\/categories?post=70124"},{"taxonomy":"post_tag","embeddable":true,"href":"https:\/\/www.portalalerta.com.br\/index.php\/wp-json\/wp\/v2\/tags?post=70124"}],"curies":[{"name":"wp","href":"https:\/\/api.w.org\/{rel}","templated":true}]}}