{"id":70126,"date":"2025-03-19T13:10:20","date_gmt":"2025-03-19T16:10:20","guid":{"rendered":"https:\/\/www.portalalerta.com.br\/?p=70126"},"modified":"2025-03-19T13:10:21","modified_gmt":"2025-03-19T16:10:21","slug":"reprovacao-de-haddad-pelo-mercado-explode-e-vai-a-58-diz-quaest","status":"publish","type":"post","link":"https:\/\/www.portalalerta.com.br\/index.php\/2025\/03\/19\/reprovacao-de-haddad-pelo-mercado-explode-e-vai-a-58-diz-quaest\/","title":{"rendered":"Reprova\u00e7\u00e3o de Haddad pelo mercado explode e vai a 58%, diz Quaest"},"content":{"rendered":"\n<p><strong>Patamar \u00e9 o pior desde in\u00edcio do governo e dobro em compara\u00e7\u00e3o com dezembro do ano passado<\/strong><\/p>\n\n\n\n<!--more-->\n\n\n\n<p><strong>A reprova\u00e7\u00e3o do trabalho do ministro da Fazenda, Fernando Haddad, disparou a 58% em mar\u00e7o e atingiu o maior patamar desde o in\u00edcio do governo, mostrou pesquisa da Genial\/Quaest publicada nesta quarta-feira (19).<\/strong><\/p>\n\n\n\n<p><strong>O patamar tamb\u00e9m representa mais do que o dobro do aferido na \u00faltima edi\u00e7\u00e3o do levantamento, em dezembro do ano passado, quando atingiu 24%.<\/strong><\/p>\n\n\n\n<p><strong>No caminho oposto, o percentual de membros do mercado que enxergam a gest\u00e3o de Haddad como positiva despencou para 10% \u2014 o mesmo patamar do in\u00edcio do governo.<\/strong><\/p>\n\n\n<div class=\"wp-block-image\">\n<figure class=\"alignleft size-large is-resized\"><img fetchpriority=\"high\" decoding=\"async\" src=\"https:\/\/www.portalalerta.com.br\/wp-content\/uploads\/2024\/04\/autoescola-emprego-1024x1024.jpg\" alt=\"\" class=\"wp-image-55693\" width=\"435\" height=\"435\" srcset=\"https:\/\/www.portalalerta.com.br\/wp-content\/uploads\/2024\/04\/autoescola-emprego-1024x1024.jpg 1024w, https:\/\/www.portalalerta.com.br\/wp-content\/uploads\/2024\/04\/autoescola-emprego-240x240.jpg 240w, https:\/\/www.portalalerta.com.br\/wp-content\/uploads\/2024\/04\/autoescola-emprego-768x768.jpg 768w, https:\/\/www.portalalerta.com.br\/wp-content\/uploads\/2024\/04\/autoescola-emprego.jpg 1080w\" sizes=\"(max-width: 435px) 100vw, 435px\" \/><\/figure><\/div>\n\n\n<p><strong>Em dezembro de 2024, a avalia\u00e7\u00e3o positiva totalizava 41%.<\/strong><\/p>\n\n\n\n<p><strong>J\u00e1 quem enxerga o trabalho como regular foi de 32%, abaixo dos 35% aferidos no \u00faltimo m\u00eas de 2024.<\/strong><\/p>\n\n\n\n<p><strong>Os analistas do mercado tamb\u00e9m enxergam o ministro mais fraco.<\/strong><\/p>\n\n\n\n<p><strong>Segundo o levantamento, 85% acham que a for\u00e7a de Haddad est\u00e1 menor do que no in\u00edcio do governo, o pior desempenho na s\u00e9rie da pesquisa.<\/strong><\/p>\n\n\n\n<p><strong>Em dezembro, 61% achavam que o ministro havia perdido for\u00e7a.<\/strong><\/p>\n\n\n\n<p><strong>J\u00e1 somente 1% acredita que Haddad est\u00e1 mais forte agora do que no in\u00edcio do governo. No \u00faltimo m\u00eas de 2024, a fatia era de 4%.<\/strong><\/p>\n\n\n\n<p><strong>Outros 14% dos entrevistados afirmaram que o ministro mant\u00e9m a mesma for\u00e7a de antes. Em dezembro, o percentual era de 35%.<\/strong><\/p>\n\n\n\n<p><strong>A pesquisa foi feita entre os dias 12 e 17 de mar\u00e7o. Foram realizadas entrevistas on-line, atrav\u00e9s de aplica\u00e7\u00e3o de question\u00e1rios estruturados, com 106 fundos de investimentos sediados em S\u00e3o Paulo e no Rio de Janeiro.<\/strong><\/p>\n\n\n\n<p><em>Fonte: CNN Brasil<\/em><\/p>\n","protected":false},"excerpt":{"rendered":"<p>Patamar \u00e9 o pior desde in\u00edcio do governo e dobro em compara\u00e7\u00e3o com dezembro do ano passado<\/p>\n","protected":false},"author":2,"featured_media":3884,"comment_status":"open","ping_status":"open","sticky":false,"template":"","format":"standard","meta":{"om_disable_all_campaigns":false,"_monsterinsights_skip_tracking":false,"_monsterinsights_sitenote_active":false,"_monsterinsights_sitenote_note":"","_monsterinsights_sitenote_category":0,"footnotes":""},"categories":[34,70,69,21],"tags":[100,71,48,93,75,4178,4180,129,107,405,4181,132,230,7042,106,203,120,51,3392,109,88,47,111,190],"class_list":["post-70126","post","type-post","status-publish","format-standard","has-post-thumbnail","hentry","category-brasil","category-destaques","category-noticias2","category-politica","tag-adustina","tag-antas","tag-araci","tag-brasil","tag-cicero-dantas","tag-cipo-2","tag-crisopolis-2","tag-euclides-da-cunha","tag-fatima","tag-fernando-haddad","tag-heliopolis-2","tag-itapicuru","tag-jeremoabo","tag-ministro-da-fazenda","tag-nova-soure","tag-novo-triunfo","tag-olindina","tag-paripiranga","tag-popularidade","tag-quijingue","tag-ribeira-do-amparo","tag-ribeira-do-pombal","tag-sitio-do-quinto","tag-tucano"],"aioseo_notices":[],"_links":{"self":[{"href":"https:\/\/www.portalalerta.com.br\/index.php\/wp-json\/wp\/v2\/posts\/70126","targetHints":{"allow":["GET"]}}],"collection":[{"href":"https:\/\/www.portalalerta.com.br\/index.php\/wp-json\/wp\/v2\/posts"}],"about":[{"href":"https:\/\/www.portalalerta.com.br\/index.php\/wp-json\/wp\/v2\/types\/post"}],"author":[{"embeddable":true,"href":"https:\/\/www.portalalerta.com.br\/index.php\/wp-json\/wp\/v2\/users\/2"}],"replies":[{"embeddable":true,"href":"https:\/\/www.portalalerta.com.br\/index.php\/wp-json\/wp\/v2\/comments?post=70126"}],"version-history":[{"count":1,"href":"https:\/\/www.portalalerta.com.br\/index.php\/wp-json\/wp\/v2\/posts\/70126\/revisions"}],"predecessor-version":[{"id":70127,"href":"https:\/\/www.portalalerta.com.br\/index.php\/wp-json\/wp\/v2\/posts\/70126\/revisions\/70127"}],"wp:featuredmedia":[{"embeddable":true,"href":"https:\/\/www.portalalerta.com.br\/index.php\/wp-json\/wp\/v2\/media\/3884"}],"wp:attachment":[{"href":"https:\/\/www.portalalerta.com.br\/index.php\/wp-json\/wp\/v2\/media?parent=70126"}],"wp:term":[{"taxonomy":"category","embeddable":true,"href":"https:\/\/www.portalalerta.com.br\/index.php\/wp-json\/wp\/v2\/categories?post=70126"},{"taxonomy":"post_tag","embeddable":true,"href":"https:\/\/www.portalalerta.com.br\/index.php\/wp-json\/wp\/v2\/tags?post=70126"}],"curies":[{"name":"wp","href":"https:\/\/api.w.org\/{rel}","templated":true}]}}