{"id":70130,"date":"2025-03-19T13:40:32","date_gmt":"2025-03-19T16:40:32","guid":{"rendered":"https:\/\/www.portalalerta.com.br\/?p=70130"},"modified":"2025-03-19T14:10:28","modified_gmt":"2025-03-19T17:10:28","slug":"eduardo-bolsonaro-deu-um-xeque-em-alexandre-de-moraes","status":"publish","type":"post","link":"https:\/\/www.portalalerta.com.br\/index.php\/2025\/03\/19\/eduardo-bolsonaro-deu-um-xeque-em-alexandre-de-moraes\/","title":{"rendered":"Licen\u00e7a repentina de Eduardo Bolsonaro surpreende a C\u00e2mara"},"content":{"rendered":"\n<p>Estava praticamente tudo certo: o presidente da Comiss\u00e3o de Rela\u00e7\u00f5es Exteriores e Defesa Nacional da C\u00e2mara seria o deputado Eduardo Bolsonaro (PL-SP), indicado pelo l\u00edder de seu partido, S\u00f3stenes Cavalcante (RJ). Pelo crit\u00e9rio da proporcionalidade entre as bancadas, cabe \u00e0 legenda com maior n\u00famero de deputados, no caso o PL, escolher primeiro as comiss\u00f5es que pretende dirigir. Entretanto, de \u00faltima hora, Eduardo Bolsonaro se licenciou do mandato, anunciou que pretende pedir asilo aos Estados Unidos, onde est\u00e1, e indicou o l\u00edder da oposi\u00e7\u00e3o na C\u00e2mara, deputado Zucco (PL-RS), para o seu lugar na comiss\u00e3o.<\/p>\n\n\n\n<!--more-->\n\n\n\n<p>Tudo isso ocorreu depois da manifesta\u00e7\u00e3o de domingo, em Copacabana, em protesto contra a condena\u00e7\u00e3o dos envolvidos na tentativa de golpe de 8 de janeiro, convocada pelo pastor Silas Malafaia e o ex-presidente Bolsonaro, que reuniu ainda os governadores de S\u00e3o Paulo, Tarc\u00edsio de Freitas (PR); Rio de Janeiro, Cl\u00e1udio Castro (PL), Mato Grosso, Mauro Mendes (Uni\u00e3o); e Santa Catarina, Jorginho Mello (PL). Tarc\u00edsio defendeu anistia aos v\u00e2ndalos da Pra\u00e7a dos Tr\u00eas Poderes e criticou a inelegibilidade de Bolsonaro.<\/p>\n\n\n<div class=\"wp-block-image\">\n<figure class=\"alignleft size-large is-resized\"><img fetchpriority=\"high\" decoding=\"async\" src=\"https:\/\/www.portalalerta.com.br\/wp-content\/uploads\/2024\/12\/Sabino-Carrinho-de-mao-1024x1024.jpeg\" alt=\"\" class=\"wp-image-65525\" width=\"392\" height=\"392\" srcset=\"https:\/\/www.portalalerta.com.br\/wp-content\/uploads\/2024\/12\/Sabino-Carrinho-de-mao-1024x1024.jpeg 1024w, https:\/\/www.portalalerta.com.br\/wp-content\/uploads\/2024\/12\/Sabino-Carrinho-de-mao-240x240.jpeg 240w, https:\/\/www.portalalerta.com.br\/wp-content\/uploads\/2024\/12\/Sabino-Carrinho-de-mao-768x768.jpeg 768w, https:\/\/www.portalalerta.com.br\/wp-content\/uploads\/2024\/12\/Sabino-Carrinho-de-mao.jpeg 1080w\" sizes=\"(max-width: 392px) 100vw, 392px\" \/><\/figure><\/div>\n\n\n<p>Nos bastidores de Bras\u00edlia, comenta-se que a decis\u00e3o de substituir Eduardo Bolsonaro por Zucco foi tomada pelo presidente do PL, Valdemar Costa Neto, para n\u00e3o aumentar o estresse com o Supremo Tribunal Federal (STF), o que ele nega. Eduardo j\u00e1 fez v\u00e1rias viagens aos EUA para fazer press\u00e3o contra o Judici\u00e1rio brasileiro junto \u00e0s autoridades norte-americanas, o que levou o l\u00edder do PT, Lindbergh Farias (PT-RJ), e seu colega de bancada Rog\u00e9rio Correia (PT-MG) a pedirem ao STF que apreendesse o seu passaporte.<\/p>\n\n\n\n<p>Nesta ter\u00e7a-feira, o pedido foi negado pela Procuradoria-Geral da Rep\u00fablica (PGR). Entretanto, em v\u00eddeo publicado nas redes, Eduardo alegou que est\u00e1 sendo perseguido pelo ministro Alexandre de Moraes, respons\u00e1vel pelo inqu\u00e9rito que investiga a tentativa de golpe de Estado de 8 de janeiro. \u201cTornei-me deputado para representar o povo paulista no melhor interesse da minha na\u00e7\u00e3o. O que o ministro do Supremo Tribunal Federal e seus c\u00famplices est\u00e3o tentando fazer \u00e9 usar justamente o meu mandato como cabresto, como ferramenta de chantagem e coa\u00e7\u00e3o do regime de exce\u00e7\u00e3o. Como instrumento para me prender e impedir que eu represente os melhores interesses para o meu pa\u00eds\u201d, disse.<\/p>\n\n\n\n<p>\u201cDa mesma forma que assumi o mandato parlamentar para representar a minha na\u00e7\u00e3o, eu abdico temporariamente dele para seguir bem representando esses milh\u00f5es de irm\u00e3os de p\u00e1tria que me incumbiram dessa nobre miss\u00e3o\u201d, completou. O parlamentar refere-se \u00e0s articula\u00e7\u00f5es que j\u00e1 vinha fazendo junto aos republicanos nos Estados Unidos, principalmente na Comiss\u00e3o de Rela\u00e7\u00f5es Exteriores da C\u00e2mara de Deputados. Eduardo articulou, inclusive, medidas de retalia\u00e7\u00e3o a Moraes.<\/p>\n\n\n\n<p><strong>Inelegibilidade<\/strong><\/p>\n\n\n\n<p>O gesto de Eduardo pegou de surpresa os seus colegas de bancada, pois \u00e9 um nome cotado para ser candidato ao Senado por S\u00e3o Paulo, em 2026, ou mesmo substituir o pai na disputa pela Presid\u00eancia. Jair Bolsonaro (PL) se emocionou ao falar sobre a perman\u00eancia do filho nos Estados Unidos, na solenidade que inaugurou uma exposi\u00e7\u00e3o sobre o Holocausto no Senado, em Bras\u00edlia. Com voz embargada, disse: \u201cHoje est\u00e1 sendo um dia marcante para mim. O afastamento de um filho. Mais um filho que se afasta mais do que por um momento de patriotismo. Um filho que se afasta para combater algo como o nazifascismo que se coloca no nosso pa\u00eds\u201d.<\/p>\n\n\n\n<p>O ex-presidente se queixou de que teve seu passaporte apreendido por ordem da Justi\u00e7a, o que o teria impedido, segundo ele, de ir a Israel e aos Estados Unidos, inclusive para participar da posse de Donald Trump (Republicanos). \u201cTenho convic\u00e7\u00e3o de que ele (Trump) continuar\u00e1 abra\u00e7ando meu filho\u201d, disse o ex-presidente, ao citar a men\u00e7\u00e3o feita pelo presidente norte-americano a Eduardo, durante evento conservador no m\u00eas passado. A ex-primeira-dama Michelle Bolsonaro e o filho mais velho do ex-presidente, o senador Fl\u00e1vio Bolsonaro (PL-RJ), participaram da solenidade, que contou com a presen\u00e7a do embaixador de Israel, Daniel Zonshine.<\/p>\n\n\n\n<p>Bolsonaro apostava na mobiliza\u00e7\u00e3o popular para levar o Congresso a derrubar sua inelegibilidade e anistiar todos os condenados por envolvimento no 8 de Janeiro. A estrat\u00e9gia fracassou por dois motivos: primeiro, porque h\u00e1 um certo cansa\u00e7o com a radicaliza\u00e7\u00e3o pol\u00edtica at\u00e9 entre os eleitores de direita; segundo, porque os aliados do Centr\u00e3o preferem v\u00ea-lo fora disputa de 2026, principalmente os que desejam que o governador Tarc\u00edsio de Freitas seja candidato ou j\u00e1 apoiam os governadores de Minas, Romeu Zema (Novo); de Goi\u00e1s, Ronaldo Caiado (Uni\u00e3o); e do Paran\u00e1, Ratinho Junior (PSD).<\/p>\n\n\n\n<p>Entretanto, Bolsonaro n\u00e3o se d\u00e1 por vencido. Mant\u00e9m-se ativo como pr\u00e9-candidato a presidente da Rep\u00fablica, mesmo estando ineleg\u00edvel. Como a legisla\u00e7\u00e3o eleitoral prev\u00ea que a inelegibilidade somente seja levada em conta no momento de registro de candidatura, esse interregno permite que fa\u00e7a campanha pela anistia e se mantenha nas ruas, para somente ser substitu\u00eddo como candidato j\u00e1 em pleno processo eleitoral.<\/p>\n\n\n\n<p><em>Fonte: Correio Braziliense<\/em><\/p>\n","protected":false},"excerpt":{"rendered":"<p>Estava praticamente tudo certo: o presidente da Comiss\u00e3o de Rela\u00e7\u00f5es Exteriores e Defesa Nacional da C\u00e2mara seria o deputado Eduardo Bolsonaro (PL-SP), indicado pelo l\u00edder de seu partido, S\u00f3stenes Cavalcante (RJ). Pelo crit\u00e9rio da proporcionalidade entre as bancadas, cabe \u00e0 legenda com maior n\u00famero de deputados, no caso o PL, escolher primeiro as comiss\u00f5es que &hellip;<\/p>\n","protected":false},"author":2,"featured_media":70123,"comment_status":"open","ping_status":"open","sticky":false,"template":"","format":"standard","meta":{"om_disable_all_campaigns":false,"_monsterinsights_skip_tracking":false,"_monsterinsights_sitenote_active":false,"_monsterinsights_sitenote_note":"","_monsterinsights_sitenote_category":0,"footnotes":""},"categories":[34,70,35,69,21],"tags":[100,71,48,2548,93,75,4178,4180,215,2058,327,129,107,4181,132,230,339,106,203,120,51,109,88,47,111,190],"class_list":["post-70130","post","type-post","status-publish","format-standard","has-post-thumbnail","hentry","category-brasil","category-destaques","category-mundo","category-noticias2","category-politica","tag-adustina","tag-antas","tag-araci","tag-asilo-politico","tag-brasil","tag-cicero-dantas","tag-cipo-2","tag-crisopolis-2","tag-deputado-federal","tag-eduardo-bolsonaro","tag-eua","tag-euclides-da-cunha","tag-fatima","tag-heliopolis-2","tag-itapicuru","tag-jeremoabo","tag-mundo","tag-nova-soure","tag-novo-triunfo","tag-olindina","tag-paripiranga","tag-quijingue","tag-ribeira-do-amparo","tag-ribeira-do-pombal","tag-sitio-do-quinto","tag-tucano"],"aioseo_notices":[],"_links":{"self":[{"href":"https:\/\/www.portalalerta.com.br\/index.php\/wp-json\/wp\/v2\/posts\/70130","targetHints":{"allow":["GET"]}}],"collection":[{"href":"https:\/\/www.portalalerta.com.br\/index.php\/wp-json\/wp\/v2\/posts"}],"about":[{"href":"https:\/\/www.portalalerta.com.br\/index.php\/wp-json\/wp\/v2\/types\/post"}],"author":[{"embeddable":true,"href":"https:\/\/www.portalalerta.com.br\/index.php\/wp-json\/wp\/v2\/users\/2"}],"replies":[{"embeddable":true,"href":"https:\/\/www.portalalerta.com.br\/index.php\/wp-json\/wp\/v2\/comments?post=70130"}],"version-history":[{"count":2,"href":"https:\/\/www.portalalerta.com.br\/index.php\/wp-json\/wp\/v2\/posts\/70130\/revisions"}],"predecessor-version":[{"id":70146,"href":"https:\/\/www.portalalerta.com.br\/index.php\/wp-json\/wp\/v2\/posts\/70130\/revisions\/70146"}],"wp:featuredmedia":[{"embeddable":true,"href":"https:\/\/www.portalalerta.com.br\/index.php\/wp-json\/wp\/v2\/media\/70123"}],"wp:attachment":[{"href":"https:\/\/www.portalalerta.com.br\/index.php\/wp-json\/wp\/v2\/media?parent=70130"}],"wp:term":[{"taxonomy":"category","embeddable":true,"href":"https:\/\/www.portalalerta.com.br\/index.php\/wp-json\/wp\/v2\/categories?post=70130"},{"taxonomy":"post_tag","embeddable":true,"href":"https:\/\/www.portalalerta.com.br\/index.php\/wp-json\/wp\/v2\/tags?post=70130"}],"curies":[{"name":"wp","href":"https:\/\/api.w.org\/{rel}","templated":true}]}}