{"id":70175,"date":"2025-03-19T19:21:15","date_gmt":"2025-03-19T22:21:15","guid":{"rendered":"https:\/\/www.portalalerta.com.br\/?p=70175"},"modified":"2025-03-19T19:21:17","modified_gmt":"2025-03-19T22:21:17","slug":"triste-coincidencia-o-mesmo-suplente-que-assumiu-apos-a-morte-de-junior-da-pax-em-2022-deve-ocupar-a-cadeira-de-neilton-que-morreu-no-ultimo-domingo-entenda","status":"publish","type":"post","link":"https:\/\/www.portalalerta.com.br\/index.php\/2025\/03\/19\/triste-coincidencia-o-mesmo-suplente-que-assumiu-apos-a-morte-de-junior-da-pax-em-2022-deve-ocupar-a-cadeira-de-neilton-que-morreu-no-ultimo-domingo-entenda\/","title":{"rendered":"Triste coincid\u00eancia: o mesmo suplente que assumiu ap\u00f3s a morte de J\u00fanior da Pax em 2022, deve ocupar a cadeira de Neilton que morreu no \u00faltimo domingo. Entenda"},"content":{"rendered":"\n<p><strong>Diego Costa tinha ficado na primeira supl\u00eancia do PDT em 2020. Assumiu a cadeira na C\u00e2mara de Euclides da Cunha em outubro de 2022, ap\u00f3s a morte de J\u00fanior. Ele tentou a reelei\u00e7\u00e3o em 2024 e novamente ficou na primeira supl\u00eancia do PDT, partido de Neilton Rocha, que morreu recentemente<\/strong><\/p>\n\n\n\n<!--more-->\n\n\n\n<p>Uma triste coincid\u00eancia, assim, pode ser avaliada a situa\u00e7\u00e3o da morte de mais um vereador de Euclides da Cunha, no Nordeste da Bahia, cujo suplente deve ser o mesmo que em 2022 assumiu a cadeira de outro vereador que faleceu em pleno mandato.<\/p>\n\n\n\n<p><strong>Entenda<\/strong><\/p>\n\n\n\n<p>Elei\u00e7\u00f5es municipais de 2020, ap\u00f3s apura\u00e7\u00e3o de 100% das urnas, \u00e9 publicada a rela\u00e7\u00e3o dos 15 vereadores eleitos no munic\u00edpio, a maioria do PDT (8), mesmo partido do prefeito reeleito Luciano Pinheiro. J\u00fanior da Pax (PDT) foi o quarto mais votado, 1.521 votos. O primeiro suplente do PDT naquela elei\u00e7\u00e3o foi Diego Costa (PDT), que obteve 845 votos.<\/p>\n\n\n<div class=\"wp-block-image\">\n<figure class=\"alignleft size-large is-resized\"><img fetchpriority=\"high\" decoding=\"async\" src=\"https:\/\/www.portalalerta.com.br\/wp-content\/uploads\/2024\/04\/autoescola-emprego-1024x1024.jpg\" alt=\"\" class=\"wp-image-55693\" width=\"407\" height=\"407\" srcset=\"https:\/\/www.portalalerta.com.br\/wp-content\/uploads\/2024\/04\/autoescola-emprego-1024x1024.jpg 1024w, https:\/\/www.portalalerta.com.br\/wp-content\/uploads\/2024\/04\/autoescola-emprego-240x240.jpg 240w, https:\/\/www.portalalerta.com.br\/wp-content\/uploads\/2024\/04\/autoescola-emprego-768x768.jpg 768w, https:\/\/www.portalalerta.com.br\/wp-content\/uploads\/2024\/04\/autoescola-emprego.jpg 1080w\" sizes=\"(max-width: 407px) 100vw, 407px\" \/><\/figure><\/div>\n\n\n<p>Ele assumiu o mandato como suplente em 9 de maio de 2022, ap\u00f3s a licen\u00e7a da vereadora Professora Norma, que foi nomeada secret\u00e1ria de Educa\u00e7\u00e3o&nbsp;<a href=\"https:\/\/www.calilanoticias.com\/2022\/03\/morre-aos-42-anos-o-secretario-de-educacao-de-euclides-da-cunha\"><strong>ap\u00f3s a morte do titular Professor Marcelo Cardoso, aos 42 anos<\/strong><\/a>.<\/p>\n\n\n\n<p>Em 10 de outubro de 2022&nbsp;<a href=\"https:\/\/www.calilanoticias.com\/2022\/10\/morre-em-euclides-da-cunha-aos-36-anos-o-vereador-junior-da-pax\"><strong>o vereador J\u00fanior da Pax passou mal em sua resid\u00eancia, foi socorrido para o hospital local, mas acabou falecendo<\/strong><\/a>, na \u00e9poca suspeita de infarto.<\/p>\n\n\n\n<p>Diego Costa, que j\u00e1 ocupava a cadeira da Professora Norma, com a morte de J\u00fanior, foi efetivado em 17 de outubro de 2022 e ficou no cargo at\u00e9 dezembro de 2024. Ele concorreu \u00e0 reelei\u00e7\u00e3o novamente pelo PDT, teve uma melhor vota\u00e7\u00e3o em rela\u00e7\u00e3o \u00e0 de 2020, (1.203 votos), mas n\u00e3o o suficiente para garantir a cadeira, repetindo o feito da elei\u00e7\u00e3o anterior, quando ficou na primeira supl\u00eancia.<\/p>\n\n\n\n<p>Em 2024, o PDT fez sete vereadores, um a menos que 2020. Entre os 7, Neilton Rocha, sexto mais votado com 1.509 votos. Neilton que estava cumprindo o segundo mandato, passou mal na semana passada, foi levado para o hospital local,<a href=\"https:\/\/www.calilanoticias.com\/2025\/03\/euclides-da-cunha-morre-aos-59-anos-o-vereador-neilton-rocha-em-consequencia-de-um-infarto\"><strong>&nbsp;transferido para o Roberto Santos, em Salvador, mas n\u00e3o resistiu e morreu na noite do \u00faltimo domingo, 16,<\/strong><\/a>&nbsp;em consequ\u00eancia de um infarto.<\/p>\n\n\n\n<p>Diego Costa, primeiro suplente, numa triste coincid\u00eancia, deve ocupar a cadeira de mais um amigo e colega de partido.<\/p>\n\n\n\n<p>O Calila Not\u00edcias manteve contato com ele para saber como est\u00e1 encarando esta situa\u00e7\u00e3o. Disse que lamenta muito, ainda n\u00e3o definiu se vai assumir a cadeira deixada por Neilton, j\u00e1 que est\u00e1 secret\u00e1rio de Governo, Comunica\u00e7\u00e3o, Esporte, Cultura &amp; Lazer da Prefeitura de Euclides da Cunha e muito satisfeito com o trabalho que desenvolve em \u00e1reas que ele se identifica muito bem, por\u00e9m, vai conversar com a fam\u00edlia, com ex-prefeito Luciano e o atual Helinho para decidir seu futuro.<\/p>\n\n\n\n<p>A pr\u00f3xima segunda-feira, 24, \u00e9 o dia da Sess\u00e3o Ordin\u00e1ria e deve acontecer a posse de Costa ou do segundo suplente, caso ele deseje continuar como secret\u00e1rio. O segundo suplente do PDT \u00e9 Ailton Mofera que recebeu 898 votos.<\/p>\n\n\n\n<p>Em 2022 Diego foi efetivado na cadeira deixada por J\u00fanior da Pax. No pr\u00f3ximo dia 24 deve ocorrer o mesmo na cadeira deixada por Neilton (foto)<\/p>\n\n\n\n<p>Diego disse que participou do sepultamento do corpo de Neilton na manh\u00e3 desta ter\u00e7a-feira, 18, e que a ficha ainda n\u00e3o caiu. Relatou que era um amigo muito pr\u00f3ximo. \u201cFico triste em entrar nesse momento de partida do amigo, com quem compartilhei tantos momentos, conselhos e aprendizados. \u00c9 dif\u00edcil aceitar uma despedida t\u00e3o precoce, que deixa em n\u00f3s uma imensa saudade. Pe\u00e7o a Deus que conforte a fam\u00edlia e os amigos, dando for\u00e7a para superar essa dor. Guardaremos com carinho as lembran\u00e7as e o legado que ele deixou. Descanse em paz.\u201d, disse Costa.<\/p>\n\n\n\n<p><em>Fonte: Calila not\u00edcias<\/em><\/p>\n","protected":false},"excerpt":{"rendered":"<p>Diego Costa tinha ficado na primeira supl\u00eancia do PDT em 2020. Assumiu a cadeira na C\u00e2mara de Euclides da Cunha em outubro de 2022, ap\u00f3s a morte de J\u00fanior. Ele tentou a reelei\u00e7\u00e3o em 2024 e novamente ficou na primeira supl\u00eancia do PDT, partido de Neilton Rocha, que morreu recentemente<\/p>\n","protected":false},"author":2,"featured_media":70172,"comment_status":"open","ping_status":"open","sticky":false,"template":"","format":"standard","meta":{"om_disable_all_campaigns":false,"_monsterinsights_skip_tracking":false,"_monsterinsights_sitenote_active":false,"_monsterinsights_sitenote_note":"","_monsterinsights_sitenote_category":0,"footnotes":""},"categories":[70,17,69,21,32],"tags":[100,71,48,211,75,4178,4180,4954,129,107,4181,132,230,106,203,120,51,109,88,47,111,4227,190],"class_list":["post-70175","post","type-post","status-publish","format-standard","has-post-thumbnail","hentry","category-destaques","category-euclides-da-cunha","category-noticias2","category-politica","category-regiao","tag-adustina","tag-antas","tag-araci","tag-camara-de-vereadores","tag-cicero-dantas","tag-cipo-2","tag-crisopolis-2","tag-diego-costa","tag-euclides-da-cunha","tag-fatima","tag-heliopolis-2","tag-itapicuru","tag-jeremoabo","tag-nova-soure","tag-novo-triunfo","tag-olindina","tag-paripiranga","tag-quijingue","tag-ribeira-do-amparo","tag-ribeira-do-pombal","tag-sitio-do-quinto","tag-suplente","tag-tucano"],"aioseo_notices":[],"_links":{"self":[{"href":"https:\/\/www.portalalerta.com.br\/index.php\/wp-json\/wp\/v2\/posts\/70175","targetHints":{"allow":["GET"]}}],"collection":[{"href":"https:\/\/www.portalalerta.com.br\/index.php\/wp-json\/wp\/v2\/posts"}],"about":[{"href":"https:\/\/www.portalalerta.com.br\/index.php\/wp-json\/wp\/v2\/types\/post"}],"author":[{"embeddable":true,"href":"https:\/\/www.portalalerta.com.br\/index.php\/wp-json\/wp\/v2\/users\/2"}],"replies":[{"embeddable":true,"href":"https:\/\/www.portalalerta.com.br\/index.php\/wp-json\/wp\/v2\/comments?post=70175"}],"version-history":[{"count":1,"href":"https:\/\/www.portalalerta.com.br\/index.php\/wp-json\/wp\/v2\/posts\/70175\/revisions"}],"predecessor-version":[{"id":70176,"href":"https:\/\/www.portalalerta.com.br\/index.php\/wp-json\/wp\/v2\/posts\/70175\/revisions\/70176"}],"wp:featuredmedia":[{"embeddable":true,"href":"https:\/\/www.portalalerta.com.br\/index.php\/wp-json\/wp\/v2\/media\/70172"}],"wp:attachment":[{"href":"https:\/\/www.portalalerta.com.br\/index.php\/wp-json\/wp\/v2\/media?parent=70175"}],"wp:term":[{"taxonomy":"category","embeddable":true,"href":"https:\/\/www.portalalerta.com.br\/index.php\/wp-json\/wp\/v2\/categories?post=70175"},{"taxonomy":"post_tag","embeddable":true,"href":"https:\/\/www.portalalerta.com.br\/index.php\/wp-json\/wp\/v2\/tags?post=70175"}],"curies":[{"name":"wp","href":"https:\/\/api.w.org\/{rel}","templated":true}]}}