{"id":70177,"date":"2025-03-19T19:23:58","date_gmt":"2025-03-19T22:23:58","guid":{"rendered":"https:\/\/www.portalalerta.com.br\/?p=70177"},"modified":"2025-03-19T19:23:59","modified_gmt":"2025-03-19T22:23:59","slug":"a-policia-prende-mal-e-o-judiciario-e-obrigado-a-soltar-diz-lewandowski","status":"publish","type":"post","link":"https:\/\/www.portalalerta.com.br\/index.php\/2025\/03\/19\/a-policia-prende-mal-e-o-judiciario-e-obrigado-a-soltar-diz-lewandowski\/","title":{"rendered":"A pol\u00edcia prende mal e o Judici\u00e1rio \u00e9 obrigado a soltar, diz Lewandowski"},"content":{"rendered":"\n<p>Ministro rebateu cr\u00edticas sobre o papel do poder Judici\u00e1rio em uma palestra sobre a PEC da Seguran\u00e7a P\u00fablica<\/p>\n\n\n\n<!--more-->\n\n\n\n<p>O ministro da Justi\u00e7a e Seguran\u00e7a P\u00fablica, Ricardo Lewandowski, declarou nesta quarta-feira (19) que a&nbsp;pol\u00edcia executa pris\u00f5es de forma equivocada&nbsp;e, por isso, o Judici\u00e1rio \u00e9 obrigado a soltar os presos.<\/p>\n\n\n\n<p>\u201c\u00c9 um jarg\u00e3o que foi adotado pela popula\u00e7\u00e3o, que a pol\u00edcia prende e o Judici\u00e1rio solta. Eu vou dizer o seguinte:&nbsp;a pol\u00edcia prende mal&nbsp;e o Judici\u00e1rio \u00e9 obrigado a soltar\u201d, afirmou o ministro.<\/p>\n\n\n<div class=\"wp-block-image\">\n<figure class=\"alignleft size-full\"><img fetchpriority=\"high\" decoding=\"async\" width=\"400\" height=\"500\" src=\"https:\/\/www.portalalerta.com.br\/wp-content\/uploads\/2025\/01\/Liquida-Verao-Real-2025.jpg\" alt=\"\" class=\"wp-image-68486\" srcset=\"https:\/\/www.portalalerta.com.br\/wp-content\/uploads\/2025\/01\/Liquida-Verao-Real-2025.jpg 400w, https:\/\/www.portalalerta.com.br\/wp-content\/uploads\/2025\/01\/Liquida-Verao-Real-2025-192x240.jpg 192w\" sizes=\"(max-width: 400px) 100vw, 400px\" \/><\/figure><\/div>\n\n\n<p><a href=\"https:\/\/www.cnnbrasil.com.br\/blogs\/debora-bergamasco\/politica\/gleisi-e-lewandowski-vao-se-reunir-com-cupula-do-congresso\/\" target=\"_blank\" rel=\"noreferrer noopener\">Lewandowski<\/a>&nbsp;rebateu cr\u00edticas sobre o papel do poder Judici\u00e1rio em uma palestra sobre o impacto da PEC da Seguran\u00e7a P\u00fablica nos setores de com\u00e9rcio e servi\u00e7os.<\/p>\n\n\n\n<p>O chefe da Justi\u00e7a, que foi ministro do Supremo Tribunal Federal (STF) entre 2006 e 2023, disse que a institui\u00e7\u00e3o policial, \u00e0s vezes, prende sem provas e dados concretos. Segundo Lewandowski, se as pris\u00f5es fossem de forma t\u00e9cnica, apresentando dados e ind\u00edcios probat\u00f3rios para o juiz, dificilmente os infratores seriam soltos.<\/p>\n\n\n\n<p>\u201c\u00c9 claro que n\u00f3s temos que aperfei\u00e7oar isso, nenhum juiz soltar\u00e1 um criminoso. Ele n\u00e3o est\u00e1 l\u00e1 para soltar, ele est\u00e1 l\u00e1 para fazer justi\u00e7a. [\u2026] A pol\u00edcia tem que prender melhor\u201d, finalizou.<\/p>\n\n\n\n<p><strong>Cr\u00edticas<\/strong><\/p>\n\n\n\n<p>A&nbsp;<a href=\"https:\/\/www.cnnbrasil.com.br\/politica\/pec-da-seguranca-nao-pode-virar-disputa-de-lacracoes-diz-gleisi-hoffmann\/\" target=\"_blank\" rel=\"noreferrer noopener\">PEC da Seguran\u00e7a P\u00fablica<\/a>&nbsp;vem sofrendo cr\u00edticas de governadores e parlamentares de oposi\u00e7\u00e3o, ligados ao bolsonarismo.<\/p>\n\n\n\n<p>Por isso, Lewandowski apresentou uma atualiza\u00e7\u00e3o da PEC em janeiro. A nova vers\u00e3o foi elaborada ap\u00f3s sugest\u00f5es de governadores, que reclamaram da possibilidade do texto abrir brecha para interfer\u00eancia da Uni\u00e3o na autonomia dos governos locais na gest\u00e3o da seguran\u00e7a.<\/p>\n\n\n\n<p>Mas&nbsp;<a href=\"https:\/\/www.cnnbrasil.com.br\/politica\/ajuste-em-pec-da-seguranca-nao-satisfaz-oposicao\/\">quem era contra a Proposta n\u00e3o mudou de opini\u00e3o<\/a>,&nbsp;mesmo ap\u00f3s as modifica\u00e7\u00f5es.<\/p>\n\n\n\n<p>O&nbsp;<a href=\"https:\/\/www.cnnbrasil.com.br\/politica\/caiado-faz-misterio-sobre-aliancas-politicas-e-que-isso-e-assunto-para-2026\/\" target=\"_blank\" rel=\"noreferrer noopener\">governador de Goi\u00e1s, Ronaldo Caiado (Uni\u00e3o Brasil)<\/a>, ressalta enxergar um \u201ctruque de palavras\u201d nas mudan\u00e7as feitas ap\u00f3s cinco rodadas de negocia\u00e7\u00e3o do governo federal com secret\u00e1rios de Seguran\u00e7a P\u00fablica e chefes dos Executivos locais.<\/p>\n\n\n\n<p>Caiado entende que a proposta preserva a autonomia administrativa dos governadores, mas imp\u00f5e uma subordina\u00e7\u00e3o normativa e que regras gerais, definidas pela Uni\u00e3o, prevaleceriam sobre os Estados.<\/p>\n\n\n\n<p>Coordenador da chamada&nbsp;\u201cbancada da bala\u201d&nbsp;no Congresso Nacional, o&nbsp;<a href=\"https:\/\/www.cnnbrasil.com.br\/blogs\/caio-junqueira\/politica\/lider-da-bancada-da-bala-chama-pec-da-seguranca-de-porcaria\/\" target=\"_blank\" rel=\"noreferrer noopener\">deputado federal Alberto Fraga (PL-DF)<\/a>&nbsp;pontua que o governo deu uma&nbsp;\u201cpenteada\u201d&nbsp;na proposta.<\/p>\n\n\n\n<p>Para o parlamentar, as medidas surtiriam mais efeitos se viessem casadas com aumento do n\u00famero de policiais.<\/p>\n\n\n\n<p>\u201cEles n\u00e3o est\u00e3o dando conta de cumprir o papel de monitoramento das rodovias por falta de efetivo, a\u00ed v\u00e3o querer ampliar? Fiscalizar ferrovia? Tem que fazer concurso para a PRF. Ela n\u00e3o tem m\u00e1quina de xerox para botar policial na rua\u201d, revelou Fraga \u00e0&nbsp;CNN.<\/p>\n\n\n\n<p>Pelo texto, a Pol\u00edcia Rodovi\u00e1ria Federal (PRF) passaria a ter a\u00e7\u00e3o tamb\u00e9m em ferrovias e hidrovias federais e ganharia o nome de Pol\u00edcia Vi\u00e1ria Federal.<\/p>\n\n\n\n<p>A PEC tamb\u00e9m prev\u00ea atua\u00e7\u00e3o da Pol\u00edcia Federal (PF) em crimes de repercuss\u00e3o interestadual ou internacional contra o meio ambiente. E que possa agir contra pr\u00e1ticas cometidas por organiza\u00e7\u00f5es criminosas e mil\u00edcias privadas que exijam repress\u00e3o uniforme.<\/p>\n\n\n\n<p>Em acenos aos governadores, o Minist\u00e9rio assegurou a separa\u00e7\u00e3o entre o Fundo Nacional de Seguran\u00e7a P\u00fablica e o Fundo Penitenci\u00e1rio Nacional.<\/p>\n\n\n\n<p>A pedidos, a proposta tamb\u00e9m inclui que o Conselho Nacional de Seguran\u00e7a tamb\u00e9m deve ter representa\u00e7\u00e3o da sociedade civil, fora os integrantes j\u00e1 previstos da Uni\u00e3o, dos estados, do Distrito Federal e dos munic\u00edpios.<\/p>\n\n\n\n<p><em>Fonte: CNN<\/em><\/p>\n","protected":false},"excerpt":{"rendered":"<p>Ministro rebateu cr\u00edticas sobre o papel do poder Judici\u00e1rio em uma palestra sobre a PEC da Seguran\u00e7a P\u00fablica<\/p>\n","protected":false},"author":2,"featured_media":55362,"comment_status":"open","ping_status":"open","sticky":false,"template":"","format":"standard","meta":{"om_disable_all_campaigns":false,"_monsterinsights_skip_tracking":false,"_monsterinsights_sitenote_active":false,"_monsterinsights_sitenote_note":"","_monsterinsights_sitenote_category":0,"footnotes":""},"categories":[34,70,69,22],"tags":[100,71,48,93,75,4178,4180,129,107,4181,132,230,270,1783,1774,106,203,120,51,104,109,88,47,2843,111,190],"class_list":["post-70177","post","type-post","status-publish","format-standard","has-post-thumbnail","hentry","category-brasil","category-destaques","category-noticias2","category-seguranca","tag-adustina","tag-antas","tag-araci","tag-brasil","tag-cicero-dantas","tag-cipo-2","tag-crisopolis-2","tag-euclides-da-cunha","tag-fatima","tag-heliopolis-2","tag-itapicuru","tag-jeremoabo","tag-justica","tag-ministerio-da-justica","tag-ministro-da-justica","tag-nova-soure","tag-novo-triunfo","tag-olindina","tag-paripiranga","tag-policia","tag-quijingue","tag-ribeira-do-amparo","tag-ribeira-do-pombal","tag-ricardo-lewandowski","tag-sitio-do-quinto","tag-tucano"],"aioseo_notices":[],"_links":{"self":[{"href":"https:\/\/www.portalalerta.com.br\/index.php\/wp-json\/wp\/v2\/posts\/70177","targetHints":{"allow":["GET"]}}],"collection":[{"href":"https:\/\/www.portalalerta.com.br\/index.php\/wp-json\/wp\/v2\/posts"}],"about":[{"href":"https:\/\/www.portalalerta.com.br\/index.php\/wp-json\/wp\/v2\/types\/post"}],"author":[{"embeddable":true,"href":"https:\/\/www.portalalerta.com.br\/index.php\/wp-json\/wp\/v2\/users\/2"}],"replies":[{"embeddable":true,"href":"https:\/\/www.portalalerta.com.br\/index.php\/wp-json\/wp\/v2\/comments?post=70177"}],"version-history":[{"count":1,"href":"https:\/\/www.portalalerta.com.br\/index.php\/wp-json\/wp\/v2\/posts\/70177\/revisions"}],"predecessor-version":[{"id":70178,"href":"https:\/\/www.portalalerta.com.br\/index.php\/wp-json\/wp\/v2\/posts\/70177\/revisions\/70178"}],"wp:featuredmedia":[{"embeddable":true,"href":"https:\/\/www.portalalerta.com.br\/index.php\/wp-json\/wp\/v2\/media\/55362"}],"wp:attachment":[{"href":"https:\/\/www.portalalerta.com.br\/index.php\/wp-json\/wp\/v2\/media?parent=70177"}],"wp:term":[{"taxonomy":"category","embeddable":true,"href":"https:\/\/www.portalalerta.com.br\/index.php\/wp-json\/wp\/v2\/categories?post=70177"},{"taxonomy":"post_tag","embeddable":true,"href":"https:\/\/www.portalalerta.com.br\/index.php\/wp-json\/wp\/v2\/tags?post=70177"}],"curies":[{"name":"wp","href":"https:\/\/api.w.org\/{rel}","templated":true}]}}