{"id":70185,"date":"2025-03-20T07:00:00","date_gmt":"2025-03-20T10:00:00","guid":{"rendered":"https:\/\/www.portalalerta.com.br\/?p=70185"},"modified":"2025-03-20T11:01:29","modified_gmt":"2025-03-20T14:01:29","slug":"reu-passa-mal-e-fica-com-parte-do-corpo-paralisado-apos-ser-absolvido-em-araci","status":"publish","type":"post","link":"https:\/\/www.portalalerta.com.br\/index.php\/2025\/03\/20\/reu-passa-mal-e-fica-com-parte-do-corpo-paralisado-apos-ser-absolvido-em-araci\/","title":{"rendered":"R\u00e9u passa mal e fica com parte do corpo paralisado ap\u00f3s ser absolvido em Araci-BA"},"content":{"rendered":"\n<p>Um epis\u00f3dio inusitado chamou a aten\u00e7\u00e3o no F\u00f3rum de Araci nesta ter\u00e7a-feira (18). Ap\u00f3s ouvir a senten\u00e7a de absolvi\u00e7\u00e3o, um r\u00e9u teria ficado com um lado do corpo paralisado, segundo relatos de pessoas que estavam no local.   <\/p>\n\n\n\n<!--more-->\n\n\n\n<p>O Servi\u00e7o de Atendimento M\u00f3vel de Urg\u00eancia (SAMU) foi acionado imediatamente e prestou os primeiros socorros ao homem, que foi levado para a Unidade de Pronto Atendimento (UPA) da cidade. Ainda n\u00e3o h\u00e1 informa\u00e7\u00f5es oficiais sobre o estado de sa\u00fade do paciente nem sobre as causas do mal-estar repentino. <\/p>\n\n\n\n<p>O caso gerou coment\u00e1rios entre os presentes no F\u00f3rum, que se surpreenderam com a rea\u00e7\u00e3o inesperada do r\u00e9u logo ap\u00f3s a decis\u00e3o judicial.<\/p>\n\n\n\n<p><strong><em>Fonte: A voz do campo<\/em><\/strong><\/p>\n","protected":false},"excerpt":{"rendered":"<p>Um epis\u00f3dio inusitado chamou a aten\u00e7\u00e3o no F\u00f3rum de Araci nesta ter\u00e7a-feira (18). Ap\u00f3s ouvir a senten\u00e7a de absolvi\u00e7\u00e3o, um r\u00e9u teria ficado com um lado do corpo paralisado, segundo relatos de pessoas que estavam no local.<\/p>\n","protected":false},"author":2,"featured_media":70183,"comment_status":"open","ping_status":"open","sticky":false,"template":"","format":"standard","meta":{"om_disable_all_campaigns":false,"_monsterinsights_skip_tracking":false,"_monsterinsights_sitenote_active":false,"_monsterinsights_sitenote_note":"","_monsterinsights_sitenote_category":0,"footnotes":""},"categories":[41,70,69,32,22],"tags":[513,100,71,48,75,4178,4180,129,107,4181,132,230,270,106,203,120,51,109,713,88,47,111,190],"class_list":["post-70185","post","type-post","status-publish","format-standard","has-post-thumbnail","hentry","category-araci","category-destaques","category-noticias2","category-regiao","category-seguranca","tag-absolvicao","tag-adustina","tag-antas","tag-araci","tag-cicero-dantas","tag-cipo-2","tag-crisopolis-2","tag-euclides-da-cunha","tag-fatima","tag-heliopolis-2","tag-itapicuru","tag-jeremoabo","tag-justica","tag-nova-soure","tag-novo-triunfo","tag-olindina","tag-paripiranga","tag-quijingue","tag-reu","tag-ribeira-do-amparo","tag-ribeira-do-pombal","tag-sitio-do-quinto","tag-tucano"],"aioseo_notices":[],"_links":{"self":[{"href":"https:\/\/www.portalalerta.com.br\/index.php\/wp-json\/wp\/v2\/posts\/70185","targetHints":{"allow":["GET"]}}],"collection":[{"href":"https:\/\/www.portalalerta.com.br\/index.php\/wp-json\/wp\/v2\/posts"}],"about":[{"href":"https:\/\/www.portalalerta.com.br\/index.php\/wp-json\/wp\/v2\/types\/post"}],"author":[{"embeddable":true,"href":"https:\/\/www.portalalerta.com.br\/index.php\/wp-json\/wp\/v2\/users\/2"}],"replies":[{"embeddable":true,"href":"https:\/\/www.portalalerta.com.br\/index.php\/wp-json\/wp\/v2\/comments?post=70185"}],"version-history":[{"count":3,"href":"https:\/\/www.portalalerta.com.br\/index.php\/wp-json\/wp\/v2\/posts\/70185\/revisions"}],"predecessor-version":[{"id":70206,"href":"https:\/\/www.portalalerta.com.br\/index.php\/wp-json\/wp\/v2\/posts\/70185\/revisions\/70206"}],"wp:featuredmedia":[{"embeddable":true,"href":"https:\/\/www.portalalerta.com.br\/index.php\/wp-json\/wp\/v2\/media\/70183"}],"wp:attachment":[{"href":"https:\/\/www.portalalerta.com.br\/index.php\/wp-json\/wp\/v2\/media?parent=70185"}],"wp:term":[{"taxonomy":"category","embeddable":true,"href":"https:\/\/www.portalalerta.com.br\/index.php\/wp-json\/wp\/v2\/categories?post=70185"},{"taxonomy":"post_tag","embeddable":true,"href":"https:\/\/www.portalalerta.com.br\/index.php\/wp-json\/wp\/v2\/tags?post=70185"}],"curies":[{"name":"wp","href":"https:\/\/api.w.org\/{rel}","templated":true}]}}