{"id":70187,"date":"2025-03-20T07:01:00","date_gmt":"2025-03-20T10:01:00","guid":{"rendered":"https:\/\/www.portalalerta.com.br\/?p=70187"},"modified":"2025-03-19T23:13:41","modified_gmt":"2025-03-20T02:13:41","slug":"juiz-derruba-toda-a-mesa-diretora-da-camara-de-santaluz-e-manda-refazer-eleicao-em-ate-72-horas","status":"publish","type":"post","link":"https:\/\/www.portalalerta.com.br\/index.php\/2025\/03\/20\/juiz-derruba-toda-a-mesa-diretora-da-camara-de-santaluz-e-manda-refazer-eleicao-em-ate-72-horas\/","title":{"rendered":"Juiz \u2018derruba\u2019 toda a Mesa Diretora da C\u00e2mara de Santaluz e manda refazer elei\u00e7\u00e3o em at\u00e9 72 horas"},"content":{"rendered":"\n<p>Juiz anula elei\u00e7\u00e3o da Mesa Diretora da C\u00e2mara de Santaluz e determina nova vota\u00e7\u00e3o em at\u00e9 72 horas | Foto: Not\u00edcias de Santaluz<\/p>\n\n\n\n<!--more-->\n\n\n\n<p>Se a pol\u00edtica em Santaluz fosse um reality show, esse seria aquele epis\u00f3dio de reviravolta que ningu\u00e9m esperava \u2013 ou quase ningu\u00e9m. Isso porque a anula\u00e7\u00e3o da elei\u00e7\u00e3o da Mesa Diretora da C\u00e2mara para o bi\u00eanio 2025-2026 j\u00e1 era um desfecho cantado nos bastidores. Nesta quarta-feira (19), a Justi\u00e7a da Bahia oficializou a decis\u00e3o e determinou que uma nova vota\u00e7\u00e3o seja feita em at\u00e9 72 horas. E mais: at\u00e9 l\u00e1, ningu\u00e9m da atual composi\u00e7\u00e3o pode ficar no cargo. Presidente, vice e secret\u00e1rios, todo mundo caiu.<\/p>\n\n\n\n<p>A decis\u00e3o foi assinada pelo juiz Joel Firmino do Nascimento Junior, que atendeu a um pedido do Minist\u00e9rio P\u00fablico da Bahia (MP-BA). O argumento? Como a elei\u00e7\u00e3o foi feita por chapa \u00fanica, a irregularidade na candidatura do presidente contaminou todo o processo. Ou seja, n\u00e3o dava para afastar s\u00f3 um e manter o resto.<\/p>\n\n\n<div class=\"wp-block-image\">\n<figure class=\"alignleft size-large is-resized\"><img fetchpriority=\"high\" decoding=\"async\" src=\"https:\/\/www.portalalerta.com.br\/wp-content\/uploads\/2024\/04\/autoescola-emprego-1024x1024.jpg\" alt=\"\" class=\"wp-image-55693\" width=\"408\" height=\"408\" srcset=\"https:\/\/www.portalalerta.com.br\/wp-content\/uploads\/2024\/04\/autoescola-emprego-1024x1024.jpg 1024w, https:\/\/www.portalalerta.com.br\/wp-content\/uploads\/2024\/04\/autoescola-emprego-240x240.jpg 240w, https:\/\/www.portalalerta.com.br\/wp-content\/uploads\/2024\/04\/autoescola-emprego-768x768.jpg 768w, https:\/\/www.portalalerta.com.br\/wp-content\/uploads\/2024\/04\/autoescola-emprego.jpg 1080w\" sizes=\"(max-width: 408px) 100vw, 408px\" \/><\/figure><\/div>\n\n\n<p><strong>Como essa hist\u00f3ria come\u00e7ou?<\/strong><\/p>\n\n\n\n<p>Tudo come\u00e7ou quando o MP-BA contestou a reelei\u00e7\u00e3o de M\u00e1rio S\u00e9rgio Suzart de Matos como presidente da C\u00e2mara. O \u00f3rg\u00e3o alegou que a recondu\u00e7\u00e3o dele violava a regra do Supremo Tribunal Federal (STF), que pro\u00edbe mais de uma reelei\u00e7\u00e3o consecutiva para o mesmo cargo.<\/p>\n\n\n\n<p>A Justi\u00e7a de primeira inst\u00e2ncia afastou S\u00e9rgio Suzart, mas ele conseguiu uma liminar no Tribunal de Justi\u00e7a da Bahia (TJ-BA) e voltou ao cargo. S\u00f3 que a disputa estava longe de acabar. Quem levou o caso ao STF foi o vereador Pedro do Sal\u00e3o, que perdeu a elei\u00e7\u00e3o da presid\u00eancia da C\u00e2mara para Suzart em 1\u00ba de janeiro deste ano.<\/p>\n\n\n\n<p>Pedro, que \u00e9 do mesmo grupo pol\u00edtico de Suzart e do prefeito Arism\u00e1rio, pediu a anula\u00e7\u00e3o da decis\u00e3o do TJ-BA. O ministro Nunes Marques derrubou a liminar que mantinha S\u00e9rgio no cargo, restabeleceu o afastamento e confirmou que a elei\u00e7\u00e3o era inconstitucional.<\/p>\n\n\n\n<p>Com isso, o juiz Joel Firmino afastou S\u00e9rgio novamente e, para encerrar qualquer d\u00favida, anulou a elei\u00e7\u00e3o inteira. O afastamento atingiu n\u00e3o s\u00f3 S\u00e9rgio Suzart, mas tamb\u00e9m Jeov\u00e1 da Serra Branca (vice-presidente), Paul\u00e3o (primeiro secret\u00e1rio) e Louro do Rio Verde (segundo secret\u00e1rio).<\/p>\n\n\n\n<p><strong>E agora?<\/strong><\/p>\n\n\n\n<p>O que antes era uma novela virou um seriado cheio de reviravoltas. Enquanto a nova elei\u00e7\u00e3o n\u00e3o acontece, quem assume o comando da C\u00e2mara interinamente \u00e9 Luiz\u00e3o, o vereador com mais tempo de mandato. Ele tem a miss\u00e3o de organizar a nova vota\u00e7\u00e3o e garantir que tudo corra dentro do prazo.<\/p>\n\n\n\n<p>Para garantir que a decis\u00e3o seja cumprida, o juiz determinou uma multa di\u00e1ria de R$ 50 mil para quem descumprir a ordem e at\u00e9 bloqueio de bens dos envolvidos, se necess\u00e1rio. Al\u00e9m disso, a nova elei\u00e7\u00e3o deve seguir a regra do STF, ou seja, nada de reelei\u00e7\u00e3o consecutiva para o mesmo cargo.<\/p>\n\n\n\n<p>Agora, resta saber quem vai sair vencedor dessa nova disputa e se esse novo epis\u00f3dio pol\u00edtico em Santaluz ter\u00e1 um desfecho definitivo ou se novas reviravoltas ainda est\u00e3o por vir.<\/p>\n\n\n\n<p><em>Fonte: Not\u00edcias de Santaluz<\/em><\/p>\n","protected":false},"excerpt":{"rendered":"<p>Juiz anula elei\u00e7\u00e3o da Mesa Diretora da C\u00e2mara de Santaluz e determina nova vota\u00e7\u00e3o em at\u00e9 72 horas | Foto: Not\u00edcias de Santaluz<\/p>\n","protected":false},"author":2,"featured_media":70184,"comment_status":"open","ping_status":"open","sticky":false,"template":"","format":"standard","meta":{"om_disable_all_campaigns":false,"_monsterinsights_skip_tracking":false,"_monsterinsights_sitenote_active":false,"_monsterinsights_sitenote_note":"","_monsterinsights_sitenote_category":0,"footnotes":""},"categories":[33,70,69,21],"tags":[100,71,48,54,211,75,4178,4180,1808,129,107,4181,132,230,270,1809,106,203,120,51,109,88,47,799,111,190],"class_list":["post-70187","post","type-post","status-publish","format-standard","has-post-thumbnail","hentry","category-bahia","category-destaques","category-noticias2","category-politica","tag-adustina","tag-antas","tag-araci","tag-bahia","tag-camara-de-vereadores","tag-cicero-dantas","tag-cipo-2","tag-crisopolis-2","tag-eleicao","tag-euclides-da-cunha","tag-fatima","tag-heliopolis-2","tag-itapicuru","tag-jeremoabo","tag-justica","tag-mesa-diretora","tag-nova-soure","tag-novo-triunfo","tag-olindina","tag-paripiranga","tag-quijingue","tag-ribeira-do-amparo","tag-ribeira-do-pombal","tag-santaluz","tag-sitio-do-quinto","tag-tucano"],"aioseo_notices":[],"_links":{"self":[{"href":"https:\/\/www.portalalerta.com.br\/index.php\/wp-json\/wp\/v2\/posts\/70187","targetHints":{"allow":["GET"]}}],"collection":[{"href":"https:\/\/www.portalalerta.com.br\/index.php\/wp-json\/wp\/v2\/posts"}],"about":[{"href":"https:\/\/www.portalalerta.com.br\/index.php\/wp-json\/wp\/v2\/types\/post"}],"author":[{"embeddable":true,"href":"https:\/\/www.portalalerta.com.br\/index.php\/wp-json\/wp\/v2\/users\/2"}],"replies":[{"embeddable":true,"href":"https:\/\/www.portalalerta.com.br\/index.php\/wp-json\/wp\/v2\/comments?post=70187"}],"version-history":[{"count":1,"href":"https:\/\/www.portalalerta.com.br\/index.php\/wp-json\/wp\/v2\/posts\/70187\/revisions"}],"predecessor-version":[{"id":70188,"href":"https:\/\/www.portalalerta.com.br\/index.php\/wp-json\/wp\/v2\/posts\/70187\/revisions\/70188"}],"wp:featuredmedia":[{"embeddable":true,"href":"https:\/\/www.portalalerta.com.br\/index.php\/wp-json\/wp\/v2\/media\/70184"}],"wp:attachment":[{"href":"https:\/\/www.portalalerta.com.br\/index.php\/wp-json\/wp\/v2\/media?parent=70187"}],"wp:term":[{"taxonomy":"category","embeddable":true,"href":"https:\/\/www.portalalerta.com.br\/index.php\/wp-json\/wp\/v2\/categories?post=70187"},{"taxonomy":"post_tag","embeddable":true,"href":"https:\/\/www.portalalerta.com.br\/index.php\/wp-json\/wp\/v2\/tags?post=70187"}],"curies":[{"name":"wp","href":"https:\/\/api.w.org\/{rel}","templated":true}]}}