{"id":70194,"date":"2025-03-20T07:03:00","date_gmt":"2025-03-20T10:03:00","guid":{"rendered":"https:\/\/www.portalalerta.com.br\/?p=70194"},"modified":"2025-03-20T10:58:51","modified_gmt":"2025-03-20T13:58:51","slug":"vereador-de-cidade-baiana-chama-terceirizados-da-prefeitura-de-incompetentes-apos-reclamacoes-por-salario-atrasado","status":"publish","type":"post","link":"https:\/\/www.portalalerta.com.br\/index.php\/2025\/03\/20\/vereador-de-cidade-baiana-chama-terceirizados-da-prefeitura-de-incompetentes-apos-reclamacoes-por-salario-atrasado\/","title":{"rendered":"Vereador de Canudos-BA chama terceirizados da Prefeitura de incompetentes ap\u00f3s reclama\u00e7\u00f5es por sal\u00e1rio atrasado"},"content":{"rendered":"\n<p>Uma declara\u00e7\u00e3o dada por um vereador de Canudos, cidade do norte da Bahia, viralizou nas redes sociais e chamou aten\u00e7\u00e3o de moradores na regi\u00e3o, nesta quarta-feira (19).<\/p>\n\n\n\n<!--more-->\n\n\n\n<p>Durante uma sess\u00e3o na C\u00e2mara Municipal, ocorrida na ter\u00e7a (18), Jos\u00e9 Raimundo (PSD) chamou de \u2018incompetentes\u201d funcion\u00e1rios de uma empresa que presta servi\u00e7os para a Prefeitura.<\/p>\n\n\n<div class=\"wp-block-image\">\n<figure class=\"alignleft size-large is-resized\"><img fetchpriority=\"high\" decoding=\"async\" src=\"https:\/\/www.portalalerta.com.br\/wp-content\/uploads\/2024\/12\/Sabino-Carrinho-de-mao-1024x1024.jpeg\" alt=\"\" class=\"wp-image-65525\" width=\"404\" height=\"404\" srcset=\"https:\/\/www.portalalerta.com.br\/wp-content\/uploads\/2024\/12\/Sabino-Carrinho-de-mao-1024x1024.jpeg 1024w, https:\/\/www.portalalerta.com.br\/wp-content\/uploads\/2024\/12\/Sabino-Carrinho-de-mao-240x240.jpeg 240w, https:\/\/www.portalalerta.com.br\/wp-content\/uploads\/2024\/12\/Sabino-Carrinho-de-mao-768x768.jpeg 768w, https:\/\/www.portalalerta.com.br\/wp-content\/uploads\/2024\/12\/Sabino-Carrinho-de-mao.jpeg 1080w\" sizes=\"(max-width: 404px) 100vw, 404px\" \/><\/figure><\/div>\n\n\n<p>O caso aconteceu depois que uma dessas pessoas, que assistia \u00e0 sess\u00e3o no local, cobrou sal\u00e1rios atrasados de dois meses, referentes a novembro e dezembro do ano passado.<\/p>\n\n\n\n<p>\u201cUm m\u00eas que atrasou por causa de uma quest\u00e3o da cooperativa, que todo mundo sabe que tem que passar por uma nova licita\u00e7\u00e3o quando vira o ano. Agora, aquele que est\u00e1 tr\u00eas ou quatro meses atrasado, e est\u00e1 comentando, eu chamo de incompetente. Pode ser quem for ele, porque o funcion\u00e1rio que est\u00e1 tr\u00eas, quatro meses, sem receber, ele \u00e9 incompetente. Funcion\u00e1rio que n\u00e3o tem capacidade de estar em outro lugar, que tem que estar s\u00f3 aqui em Canudos\u201d, disse o vereador.<\/p>\n\n\n\n<p>Procurado pela TV Bahia por telefone, Jos\u00e9 Raimundo confirmou as declara\u00e7\u00f5es, mas, segundo ele, as palavras teriam sido dirigidas a apenas um dos funcion\u00e1rios, porque esse homem teria denunciado a falta do dinheiro em uma r\u00e1dio local.<\/p>\n\n\n\n<p>O vereador refor\u00e7ou que n\u00e3o teve a inten\u00e7\u00e3o de atacar os demais servidores municipais.<\/p>\n\n\n\n<p><em>Fonte: Not\u00edcias de Santa Luz<\/em><\/p>\n","protected":false},"excerpt":{"rendered":"<p>Uma declara\u00e7\u00e3o dada por um vereador de Canudos, cidade do norte da Bahia, viralizou nas redes sociais e chamou aten\u00e7\u00e3o de moradores na regi\u00e3o, nesta quarta-feira (19).<\/p>\n","protected":false},"author":2,"featured_media":70191,"comment_status":"open","ping_status":"open","sticky":false,"template":"","format":"standard","meta":{"om_disable_all_campaigns":false,"_monsterinsights_skip_tracking":false,"_monsterinsights_sitenote_active":false,"_monsterinsights_sitenote_note":"","_monsterinsights_sitenote_category":0,"footnotes":""},"categories":[33,70,69,21],"tags":[100,71,48,491,75,45,46,129,107,44,132,230,106,203,120,51,109,88,47,111,190,80],"class_list":["post-70194","post","type-post","status-publish","format-standard","has-post-thumbnail","hentry","category-bahia","category-destaques","category-noticias2","category-politica","tag-adustina","tag-antas","tag-araci","tag-canudos","tag-cicero-dantas","tag-cipo","tag-crisopolis","tag-euclides-da-cunha","tag-fatima","tag-heliopolis","tag-itapicuru","tag-jeremoabo","tag-nova-soure","tag-novo-triunfo","tag-olindina","tag-paripiranga","tag-quijingue","tag-ribeira-do-amparo","tag-ribeira-do-pombal","tag-sitio-do-quinto","tag-tucano","tag-vereador"],"aioseo_notices":[],"_links":{"self":[{"href":"https:\/\/www.portalalerta.com.br\/index.php\/wp-json\/wp\/v2\/posts\/70194","targetHints":{"allow":["GET"]}}],"collection":[{"href":"https:\/\/www.portalalerta.com.br\/index.php\/wp-json\/wp\/v2\/posts"}],"about":[{"href":"https:\/\/www.portalalerta.com.br\/index.php\/wp-json\/wp\/v2\/types\/post"}],"author":[{"embeddable":true,"href":"https:\/\/www.portalalerta.com.br\/index.php\/wp-json\/wp\/v2\/users\/2"}],"replies":[{"embeddable":true,"href":"https:\/\/www.portalalerta.com.br\/index.php\/wp-json\/wp\/v2\/comments?post=70194"}],"version-history":[{"count":2,"href":"https:\/\/www.portalalerta.com.br\/index.php\/wp-json\/wp\/v2\/posts\/70194\/revisions"}],"predecessor-version":[{"id":70196,"href":"https:\/\/www.portalalerta.com.br\/index.php\/wp-json\/wp\/v2\/posts\/70194\/revisions\/70196"}],"wp:featuredmedia":[{"embeddable":true,"href":"https:\/\/www.portalalerta.com.br\/index.php\/wp-json\/wp\/v2\/media\/70191"}],"wp:attachment":[{"href":"https:\/\/www.portalalerta.com.br\/index.php\/wp-json\/wp\/v2\/media?parent=70194"}],"wp:term":[{"taxonomy":"category","embeddable":true,"href":"https:\/\/www.portalalerta.com.br\/index.php\/wp-json\/wp\/v2\/categories?post=70194"},{"taxonomy":"post_tag","embeddable":true,"href":"https:\/\/www.portalalerta.com.br\/index.php\/wp-json\/wp\/v2\/tags?post=70194"}],"curies":[{"name":"wp","href":"https:\/\/api.w.org\/{rel}","templated":true}]}}