{"id":70208,"date":"2025-03-20T12:06:28","date_gmt":"2025-03-20T15:06:28","guid":{"rendered":"https:\/\/www.portalalerta.com.br\/?p=70208"},"modified":"2025-03-20T12:06:30","modified_gmt":"2025-03-20T15:06:30","slug":"justica-suspende-mudanca-de-nome-da-gcm-para-policia-municipal-em-sao-paulo","status":"publish","type":"post","link":"https:\/\/www.portalalerta.com.br\/index.php\/2025\/03\/20\/justica-suspende-mudanca-de-nome-da-gcm-para-policia-municipal-em-sao-paulo\/","title":{"rendered":"Justi\u00e7a suspende mudan\u00e7a de nome da GCM para Pol\u00edcia Municipal em S\u00e3o Paulo"},"content":{"rendered":"\n<p>O Tribunal de Justi\u00e7a de S\u00e3o Paulo suspendeu a lei que promovia a mudan\u00e7a de nome da Guarda Civil Metropolitana para Pol\u00edcia Municipal.<\/p>\n\n\n\n<!--more-->\n\n\n\n<p>A Justi\u00e7a acatou pedido do Minist\u00e9rio P\u00fablico de S\u00e3o Paulo (MP) em a\u00e7\u00e3o direta de inconstitucionalidade. A liminar foi expedida na ter\u00e7a-feira (18) pelo desembargador M\u00e1rio Devienne Ferraz.<\/p>\n\n\n\n<p>O Minist\u00e9rio P\u00fablico havia alegado \u00e0 Justi\u00e7a que, para a Constitui\u00e7\u00e3o Federal, o termo deveria ser utilizado por corpora\u00e7\u00f5es espec\u00edficas. O Tribunal de Justi\u00e7a entendeu que as fun\u00e7\u00f5es da pol\u00edcia est\u00e3o \u201cbem tra\u00e7adas no texto constitucional\u201d, e que n\u00e3o devem ser confundidas com as dos guardas.<\/p>\n\n\n\n<p>Para a Justi\u00e7a, a mudan\u00e7a do nome pode provocar uma atua\u00e7\u00e3o fora do ordenamento jur\u00eddico. \u201cEspecialmente impedindo a consuma\u00e7\u00e3o de gastos p\u00fablicos, pretende a concess\u00e3o de liminar para desde logo suspender desde logo a efic\u00e1cia do texto impugnado, bem como que a final seja julgada procedente esta a\u00e7\u00e3o para declarar a inconstitucionalidade da express\u00e3o \u201ctamb\u00e9m denominada Pol\u00edcia Municipal de S\u00e3o Paulo\u201d, conclui o desembargador.<\/p>\n\n\n\n<p>O MP j\u00e1 obteve decis\u00f5es contra a mudan\u00e7a de nome em 14 munic\u00edpios paulistas. S\u00e3o eles: Artur Nogueira, Itu, Salto, Santa B\u00e1rbara d\u2019Oeste, Amparo, Cruzeiro, Holambra, Pitangueiras, Jaguari\u00fana, Vinhedo, Cosm\u00f3polis, S\u00e3o Sebasti\u00e3o, Itaquaquecetuba e, por fim, S\u00e3o Bernardo do Campo.<\/p>\n\n\n\n<p>\u201cAduz ter o constituinte utilizado o termo \u201cpol\u00edcia\u201d para \u00f3rg\u00e3os espec\u00edficos, cujas atribui\u00e7\u00f5es est\u00e3o bem tra\u00e7adas no texto constitucional e, por isso, s\u00e3o inconfund\u00edveis com as das guardas, n\u00e3o podendo o Munic\u00edpio, a pretexto da autonomia legislativa, alterar a denomina\u00e7\u00e3o da guarda municipal, consagrada no artigo 144, 8\u00ba, da Constitui\u00e7\u00e3o Federal de 1988, para \u201cpol\u00edcia municipal\u201d, diz trecho da decis\u00e3o do TJ-SP.<\/p>\n\n\n\n<p>\u201cAinda que ambas possam atuar na \u00e1rea da seguran\u00e7a p\u00fablica, desempenhando tarefas complementares ou eventualmente coincidentes, como na hip\u00f3tese de pris\u00e3o em flagrante de crime, guardas municipais n\u00e3o se confundem com as pol\u00edcias concebidas pelo poder constituinte origin\u00e1rio\u201d, afirma o desembargador em outra parte da decis\u00e3o.<\/p>\n\n\n\n<p>A prefeitura de S\u00e3o Paulo encaminhou nota ao UOL alegando que lamenta profundamente a decis\u00e3o. No texto, a administra\u00e7\u00e3o municipal disse que o prefeito Ricardo Nunes j\u00e1 se reuniu com o Poder Legislativo para \u201cexternar sua decep\u00e7\u00e3o\u201d e finalizou dizendo que a popula\u00e7\u00e3o da cidade clama por seguran\u00e7a.<\/p>\n\n\n\n<p>A C\u00e2mara de Vereadores da capital diz que respeita a decis\u00e3o, mas vai recorrer. Tamb\u00e9m em nota encaminhada ao UOL, a Casa argumenta que a mudan\u00e7a aprovada est\u00e1 em acordo com o Supremo Tribunal Federal e diz que recorrer\u00e1 da decis\u00e3o do Tribunal de Justi\u00e7a.<\/p>\n\n\n\n<p>O STF decidiu no m\u00eas passado que os guardas municipais podem realizar policiamento ostensivo e comunit\u00e1rio. Contudo, foi pontuado que as a\u00e7\u00f5es devem respeitar as atribui\u00e7\u00f5es de outros \u00f3rg\u00e3os de seguran\u00e7a p\u00fablica e que a GCM n\u00e3o pode realizar investiga\u00e7\u00f5es ou atuar como pol\u00edcia judici\u00e1ria, sempre seguindo o rigor dos requisitos legais. Foi definido, tamb\u00e9m, que a atividade ostensiva da guarda deve ser submetida a controle externo do Minist\u00e9rio P\u00fablico.<\/p>\n\n\n\n<p><em>Fonte: Not\u00edcias de Santa Luz<\/em><\/p>\n","protected":false},"excerpt":{"rendered":"<p>O Tribunal de Justi\u00e7a de S\u00e3o Paulo suspendeu a lei que promovia a mudan\u00e7a de nome da Guarda Civil Metropolitana para Pol\u00edcia Municipal.<\/p>\n","protected":false},"author":2,"featured_media":70207,"comment_status":"open","ping_status":"open","sticky":false,"template":"","format":"standard","meta":{"om_disable_all_campaigns":false,"_monsterinsights_skip_tracking":false,"_monsterinsights_sitenote_active":false,"_monsterinsights_sitenote_note":"","_monsterinsights_sitenote_category":0,"footnotes":""},"categories":[34,70,69,22],"tags":[100,71,48,93,75,4178,4180,129,107,313,4181,132,230,270,352,106,203,120,51,7824,109,88,47,404,111,190],"class_list":["post-70208","post","type-post","status-publish","format-standard","has-post-thumbnail","hentry","category-brasil","category-destaques","category-noticias2","category-seguranca","tag-adustina","tag-antas","tag-araci","tag-brasil","tag-cicero-dantas","tag-cipo-2","tag-crisopolis-2","tag-euclides-da-cunha","tag-fatima","tag-gcm","tag-heliopolis-2","tag-itapicuru","tag-jeremoabo","tag-justica","tag-ministerio-publico","tag-nova-soure","tag-novo-triunfo","tag-olindina","tag-paripiranga","tag-policia-municipal","tag-quijingue","tag-ribeira-do-amparo","tag-ribeira-do-pombal","tag-sao-paulo","tag-sitio-do-quinto","tag-tucano"],"aioseo_notices":[],"_links":{"self":[{"href":"https:\/\/www.portalalerta.com.br\/index.php\/wp-json\/wp\/v2\/posts\/70208","targetHints":{"allow":["GET"]}}],"collection":[{"href":"https:\/\/www.portalalerta.com.br\/index.php\/wp-json\/wp\/v2\/posts"}],"about":[{"href":"https:\/\/www.portalalerta.com.br\/index.php\/wp-json\/wp\/v2\/types\/post"}],"author":[{"embeddable":true,"href":"https:\/\/www.portalalerta.com.br\/index.php\/wp-json\/wp\/v2\/users\/2"}],"replies":[{"embeddable":true,"href":"https:\/\/www.portalalerta.com.br\/index.php\/wp-json\/wp\/v2\/comments?post=70208"}],"version-history":[{"count":1,"href":"https:\/\/www.portalalerta.com.br\/index.php\/wp-json\/wp\/v2\/posts\/70208\/revisions"}],"predecessor-version":[{"id":70209,"href":"https:\/\/www.portalalerta.com.br\/index.php\/wp-json\/wp\/v2\/posts\/70208\/revisions\/70209"}],"wp:featuredmedia":[{"embeddable":true,"href":"https:\/\/www.portalalerta.com.br\/index.php\/wp-json\/wp\/v2\/media\/70207"}],"wp:attachment":[{"href":"https:\/\/www.portalalerta.com.br\/index.php\/wp-json\/wp\/v2\/media?parent=70208"}],"wp:term":[{"taxonomy":"category","embeddable":true,"href":"https:\/\/www.portalalerta.com.br\/index.php\/wp-json\/wp\/v2\/categories?post=70208"},{"taxonomy":"post_tag","embeddable":true,"href":"https:\/\/www.portalalerta.com.br\/index.php\/wp-json\/wp\/v2\/tags?post=70208"}],"curies":[{"name":"wp","href":"https:\/\/api.w.org\/{rel}","templated":true}]}}