{"id":70373,"date":"2025-03-25T23:13:14","date_gmt":"2025-03-26T02:13:14","guid":{"rendered":"https:\/\/www.portalalerta.com.br\/?p=70373"},"modified":"2025-03-25T23:13:15","modified_gmt":"2025-03-26T02:13:15","slug":"medicos-pensaram-em-parar-tratamento-e-deixar-papa-francisco-morrer-durante-momento-critico-na-internacao","status":"publish","type":"post","link":"https:\/\/www.portalalerta.com.br\/index.php\/2025\/03\/25\/medicos-pensaram-em-parar-tratamento-e-deixar-papa-francisco-morrer-durante-momento-critico-na-internacao\/","title":{"rendered":"M\u00e9dicos pensaram em parar tratamento e deixar Papa Francisco morrer durante momento cr\u00edtico na interna\u00e7\u00e3o"},"content":{"rendered":"\n<p><strong>O papa Francisco chegou t\u00e3o perto da morte durante sua interna\u00e7\u00e3o para tratar uma pneumonia que seus m\u00e9dicos pensaram em parar o tratamento para que ele pudesse morrer em paz, revelou o chefe da equipe m\u00e9dica do pont\u00edfice, em entrevista ao jornal italiano \u201cCorriere Della Serra\u201d, nesta ter\u00e7a-feira (25).<\/strong><\/p>\n\n\n\n<!--more-->\n\n\n\n<p><strong>Sergio Alfieri, que esteve ao lado do papa nos 38 dias no hospital, contou que o momento mais cr\u00edtico ocorreu no dia 28 de fevereiro, quando Francisco piorou muito. O papa teve alta no domingo (23).<\/strong><\/p>\n\n\n\n<p><strong>\u201cPela primeira vez, vi l\u00e1grimas nos olhos de algumas pessoas ao seu redor. Pessoas que, durante esse per\u00edodo de interna\u00e7\u00e3o, o amam sinceramente, como a um pai. Est\u00e1vamos todos cientes de que a situa\u00e7\u00e3o havia piorado e que havia um risco real de que ele n\u00e3o sobrevivesse\u201d, relembrou.<\/strong><\/p>\n\n\n\n<p><strong>Segundo Alfieri, o papa estava consciente todo tempo e sabia que tinha piorado: \u201cEst\u00e1 ruim\u201d, teria afirmado o pont\u00edfice.<\/strong><\/p>\n\n\n\n<p><strong>\u201cMesmo quando sua condi\u00e7\u00e3o piorou, ele estava totalmente consciente. Aquela noite foi terr\u00edvel. Ele sabia, assim como n\u00f3s, que talvez n\u00e3o sobrevivesse \u00e0quela noite. Vimos que estava sofrendo. Mas desde o primeiro dia ele nos pediu para lhe contar a verdade. Nunca nada foi modificado ou omitido\u201d, afirmou Alfieri.<\/strong><\/p>\n\n\n<div class=\"wp-block-image\">\n<figure class=\"alignleft size-full\"><img fetchpriority=\"high\" decoding=\"async\" width=\"400\" height=\"500\" src=\"https:\/\/www.portalalerta.com.br\/wp-content\/uploads\/2025\/01\/Liquida-Verao-Real-2025.jpg\" alt=\"\" class=\"wp-image-68486\" srcset=\"https:\/\/www.portalalerta.com.br\/wp-content\/uploads\/2025\/01\/Liquida-Verao-Real-2025.jpg 400w, https:\/\/www.portalalerta.com.br\/wp-content\/uploads\/2025\/01\/Liquida-Verao-Real-2025-192x240.jpg 192w\" sizes=\"(max-width: 400px) 100vw, 400px\" \/><\/figure><\/div>\n\n\n<p><strong>O m\u00e9dico disse que Massimiliano Strappetti, assistente pessoal do papa, decidiu tentar de tudo para salvar o papa, apesar do risco de complica\u00e7\u00f5es.<\/strong><\/p>\n\n\n\n<p><strong>\u201cTivemos que escolher entre parar e deix\u00e1-lo ir, ou for\u00e7\u00e1-lo e tentar todos os medicamentos e terapias poss\u00edveis, correndo o risco muito alto de danificar outros \u00f3rg\u00e3os. E no final n\u00f3s tomamos esse caminho. Massimiliano Strappetti disse: \u2018Tente de tudo, n\u00e3o desista\u2019. Foi o que todos n\u00f3s pensamos tamb\u00e9m. E ningu\u00e9m desistiu\u201d.<\/strong><\/p>\n\n\n\n<p><strong>De acordo com Alfieri, houve um segundo momento cr\u00edtico, quando o papa broncoaspirou enquanto se alimentava.<\/strong><\/p>\n\n\n\n<p><strong>\u201cPosso dizer que duas vezes a situa\u00e7\u00e3o foi perdida e ent\u00e3o aconteceu como um milagre\u201d, comemorou.<\/strong><\/p>\n\n\n\n<p><strong>O m\u00e9dico, que agora voltou ao trabalho no Hospital Gemelli, acredita que as ora\u00e7\u00f5es recebidas pelo pont\u00edfice e tamb\u00e9m seu bom humor foram os respons\u00e1veis pela recupera\u00e7\u00e3o.<\/strong><\/p>\n\n\n\n<p><strong>\u201cEle costuma dizer: \u2018Ainda estou vivo\u2019 e, imediatamente, acrescenta: \u2018N\u00e3o se esque\u00e7a de viver e manter o bom humor\u2019. Ele tem um corpo cansado, mas a mente \u00e9 a de um homem de 50 anos\u201d.<\/strong><\/p>\n\n\n\n<p><strong>Papa se recupera com reabilita\u00e7\u00e3o<\/strong><\/p>\n\n\n\n<p><strong>Nesta ter\u00e7a-feira (25), o Vaticano falou sobre o estado do pont\u00edfice, dois dias ap\u00f3s sua alta. De acordo com um comunicado, Francisco continua com terapia farmacol\u00f3gica e fisioterapia, em particular a reabilita\u00e7\u00e3o respirat\u00f3ria \u201cpara recuperar completamente o uso da respira\u00e7\u00e3o e da fala\u201d.<\/strong><\/p>\n\n\n\n<p><strong>Segundo a assessoria de imprensa da Santa S\u00e9, o papa vem concelebrando a missa na capela do segundo andar da Casa de Santa Marta, onde vive. Nos \u00faltimos dois dias, ele n\u00e3o recebeu visitas \u201cal\u00e9m de seus colaboradores mais pr\u00f3ximos\u201d e n\u00e3o h\u00e1 previs\u00e3o para uma nova apari\u00e7\u00e3o p\u00fablica.<\/strong><\/p>\n\n\n\n<p><strong>A visita de Estado que o Rei Charles III, do Reino Unido, iria fazer ao Vaticano ao lado da mulher, a Rainha Camilla, no dia 7 de abril foi adiada, informou o Pal\u00e1cio de Buckingham nesta ter\u00e7a.<\/strong><\/p>\n\n\n\n<p><strong><em>Fonte: Not\u00edcias de SantaLuz<\/em><\/strong><\/p>\n","protected":false},"excerpt":{"rendered":"<p>O papa Francisco chegou t\u00e3o perto da morte durante sua interna\u00e7\u00e3o para tratar uma pneumonia que seus m\u00e9dicos pensaram em parar o tratamento para que ele pudesse morrer em paz, revelou o chefe da equipe m\u00e9dica do pont\u00edfice, em entrevista ao jornal italiano \u201cCorriere Della Serra\u201d, nesta ter\u00e7a-feira (25).<\/p>\n","protected":false},"author":2,"featured_media":70281,"comment_status":"open","ping_status":"open","sticky":false,"template":"","format":"standard","meta":{"om_disable_all_campaigns":false,"_monsterinsights_skip_tracking":false,"_monsterinsights_sitenote_active":false,"_monsterinsights_sitenote_note":"","_monsterinsights_sitenote_category":0,"footnotes":""},"categories":[70,35,69],"tags":[100,71,48,75,4178,4180,129,107,4181,132,230,339,106,203,120,1509,51,109,88,47,111,190],"class_list":["post-70373","post","type-post","status-publish","format-standard","has-post-thumbnail","hentry","category-destaques","category-mundo","category-noticias2","tag-adustina","tag-antas","tag-araci","tag-cicero-dantas","tag-cipo-2","tag-crisopolis-2","tag-euclides-da-cunha","tag-fatima","tag-heliopolis-2","tag-itapicuru","tag-jeremoabo","tag-mundo","tag-nova-soure","tag-novo-triunfo","tag-olindina","tag-papa-francisco","tag-paripiranga","tag-quijingue","tag-ribeira-do-amparo","tag-ribeira-do-pombal","tag-sitio-do-quinto","tag-tucano"],"aioseo_notices":[],"_links":{"self":[{"href":"https:\/\/www.portalalerta.com.br\/index.php\/wp-json\/wp\/v2\/posts\/70373","targetHints":{"allow":["GET"]}}],"collection":[{"href":"https:\/\/www.portalalerta.com.br\/index.php\/wp-json\/wp\/v2\/posts"}],"about":[{"href":"https:\/\/www.portalalerta.com.br\/index.php\/wp-json\/wp\/v2\/types\/post"}],"author":[{"embeddable":true,"href":"https:\/\/www.portalalerta.com.br\/index.php\/wp-json\/wp\/v2\/users\/2"}],"replies":[{"embeddable":true,"href":"https:\/\/www.portalalerta.com.br\/index.php\/wp-json\/wp\/v2\/comments?post=70373"}],"version-history":[{"count":1,"href":"https:\/\/www.portalalerta.com.br\/index.php\/wp-json\/wp\/v2\/posts\/70373\/revisions"}],"predecessor-version":[{"id":70374,"href":"https:\/\/www.portalalerta.com.br\/index.php\/wp-json\/wp\/v2\/posts\/70373\/revisions\/70374"}],"wp:featuredmedia":[{"embeddable":true,"href":"https:\/\/www.portalalerta.com.br\/index.php\/wp-json\/wp\/v2\/media\/70281"}],"wp:attachment":[{"href":"https:\/\/www.portalalerta.com.br\/index.php\/wp-json\/wp\/v2\/media?parent=70373"}],"wp:term":[{"taxonomy":"category","embeddable":true,"href":"https:\/\/www.portalalerta.com.br\/index.php\/wp-json\/wp\/v2\/categories?post=70373"},{"taxonomy":"post_tag","embeddable":true,"href":"https:\/\/www.portalalerta.com.br\/index.php\/wp-json\/wp\/v2\/tags?post=70373"}],"curies":[{"name":"wp","href":"https:\/\/api.w.org\/{rel}","templated":true}]}}